{"id":452451,"date":"2023-07-05T17:34:18","date_gmt":"2023-07-05T21:34:18","guid":{"rendered":"http:\/\/diariodominicano.com\/?p=452451"},"modified":"2023-07-05T18:58:14","modified_gmt":"2023-07-05T22:58:14","slug":"fiscalia-de-sde-y-norte-logra-15-anos-de-prision-contra-un-hombre-de-66-anos-que-violo-a-una-adolescente-en-el-sector-valiente","status":"publish","type":"post","link":"https:\/\/diariodominicano.com\/?p=452451","title":{"rendered":"Fiscal\u00eda de SDE y Norte logra 15 a\u00f1os de prisi\u00f3n contra un hombre de 66 a\u00f1os que viol\u00f3 a una adolescente en el sector Valiente"},"content":{"rendered":"\n<p><\/p>\n\n\n\n<p><strong>SANTO DOMINGO, Rep\u00fablica Dominicana.-&nbsp;<\/strong>La Fiscal\u00eda de Santo Domingo Este y Norte obtuvo una condena en contra de un hombre  de 66 a\u00f1os de edad, que en varias ocasiones viol\u00f3 sexualmente a una adolescente de 13 a\u00f1os de edad, en un hecho ocurrido en el sector Valiente, de Santo Domingo Este.<\/p>\n\n\n\n<p>La condena le fue impuesta por el Primer Tribunal Colegiado, que preside la jueza Esperanza Rodr\u00edguez Espinal, a Rafael L\u00f3pez Lucas, quien deber\u00e1 cumplir la sentencia en la Penitenciar\u00eda Nacional de La Victoria, por el hecho cometido en contra de la adolescente, de quien se omite su nombre por razones legales.<\/p>\n\n\n\n<p>El expediente instrumentado por la fiscal investigadora Leidy Marte establece que en fecha 31 de febrero 2022 la adolescente hab\u00eda llegado a su casa con 100 pesos y, al ser cuestionada por su madre, la v\u00edctima le confes\u00f3 que se lo hab\u00eda dado Rafael y, adem\u00e1s, le dijo que en varias ocasiones el encartado la hab\u00eda violado sexualmente mientras ella recog\u00eda guandules, aprovechando que se quedaba sola bajo la vigilancia de su t\u00eda, mientras ella trabajaba.<\/p>\n\n\n\n<p>Relata que la ni\u00f1a no le hab\u00eda dicho nada a su madre debido a que el imputado le amenaz\u00f3 con matarla a ella y a su familia si dec\u00eda algo.<\/p>\n\n\n\n<p>Durante el juicio, el Ministerio P\u00fablico, representado por el fiscal litigante Ignacio Rojas, demostr\u00f3 a trav\u00e9s pruebas periciales emitidas de informes psicol\u00f3gicos y ginecol\u00f3gicos forense y pruebas testimoniales que el hoy procesado viol\u00f3 los art\u00edculos 330 y 331 del C\u00f3digo Penal Dominicano, modificado por la Ley 24-97 sobre Violencia de G\u00e9nero e Intrafamiliar, y los art\u00edculos 12, 13, 14 y 18 del C\u00f3digo para la Protecci\u00f3n y los Derechos Fundamentales de los Ni\u00f1os, Ni\u00f1as y Adolescentes (Ley 136-03).<\/p>\n\n\n\n<p><strong>Direcci\u00f3n General de Comunicaci\u00f3n, Prensa, y RRPP<\/strong><\/p>\n\n\n\n<p>Ministerio P\u00fablico.&nbsp;R.D.<\/p>\n\n\n\n<p>Mi\u00e9rcoles, 5 de julio de 2023<\/p>\n","protected":false},"excerpt":{"rendered":"<p>SANTO DOMINGO, Rep\u00fablica Dominicana.-&nbsp;La Fiscal\u00eda de Santo Domingo Este y Norte obtuvo una condena en contra de un hombre de 66 a\u00f1os de edad, que en varias ocasiones viol\u00f3 sexualmente a una adolescente de 13 a\u00f1os de edad, en un hecho ocurrido en el sector Valiente, de Santo Domingo Este. La condena le fue impuesta [&hellip;]<\/p>\n","protected":false},"author":28,"featured_media":265615,"comment_status":"closed","ping_status":"","sticky":true,"template":"","format":"standard","meta":{"footnotes":""},"categories":[29,27],"tags":[],"class_list":["post-452451","post","type-post","status-publish","format-standard","has-post-thumbnail","hentry","category-policiasucesos","category-portada"],"_links":{"self":[{"href":"https:\/\/diariodominicano.com\/index.php?rest_route=\/wp\/v2\/posts\/452451","targetHints":{"allow":["GET"]}}],"collection":[{"href":"https:\/\/diariodominicano.com\/index.php?rest_route=\/wp\/v2\/posts"}],"about":[{"href":"https:\/\/diariodominicano.com\/index.php?rest_route=\/wp\/v2\/types\/post"}],"author":[{"embeddable":true,"href":"https:\/\/diariodominicano.com\/index.php?rest_route=\/wp\/v2\/users\/28"}],"replies":[{"embeddable":true,"href":"https:\/\/diariodominicano.com\/index.php?rest_route=%2Fwp%2Fv2%2Fcomments&post=452451"}],"version-history":[{"count":2,"href":"https:\/\/diariodominicano.com\/index.php?rest_route=\/wp\/v2\/posts\/452451\/revisions"}],"predecessor-version":[{"id":452508,"href":"https:\/\/diariodominicano.com\/index.php?rest_route=\/wp\/v2\/posts\/452451\/revisions\/452508"}],"wp:featuredmedia":[{"embeddable":true,"href":"https:\/\/diariodominicano.com\/index.php?rest_route=\/wp\/v2\/media\/265615"}],"wp:attachment":[{"href":"https:\/\/diariodominicano.com\/index.php?rest_route=%2Fwp%2Fv2%2Fmedia&parent=452451"}],"wp:term":[{"taxonomy":"category","embeddable":true,"href":"https:\/\/diariodominicano.com\/index.php?rest_route=%2Fwp%2Fv2%2Fcategories&post=452451"},{"taxonomy":"post_tag","embeddable":true,"href":"https:\/\/diariodominicano.com\/index.php?rest_route=%2Fwp%2Fv2%2Ftags&post=452451"}],"curies":[{"name":"wp","href":"https:\/\/api.w.org\/{rel}","templated":true}]}}