{"id":452360,"date":"2023-07-05T13:56:32","date_gmt":"2023-07-05T17:56:32","guid":{"rendered":"http:\/\/diariodominicano.com\/?p=452360"},"modified":"2023-07-05T13:57:18","modified_gmt":"2023-07-05T17:57:18","slug":"fiesta-del-4-de-julio-deja-un-hombre-muerto-presuntamente-dominicano-en-el-alto-manhattan","status":"publish","type":"post","link":"https:\/\/diariodominicano.com\/?p=452360","title":{"rendered":"Fiesta del 4 de julio deja un hombre muerto presuntamente dominicano en el Alto Manhattan"},"content":{"rendered":"\n<p><strong>Por Ram\u00f3n Mercedes<\/strong><\/p>\n\n\n\n<p><strong>NUEVA YORK.-<\/strong>&nbsp;La celebraci\u00f3n del 4 de julio sald\u00f3 este martes en el Alto Manhattan con la muerte a balazos de un hombre de 30 a\u00f1os, presuntamente dominicano, frente al edificio 72 de la avenida Vermiylea, entre las calles 204 y Academy, en el sector de Inwood.<\/p>\n\n\n\n<p>El incidente ocurri\u00f3 en horas de la madrugada de este mi\u00e9rcoles, una hora despu\u00e9s de finalizar las fiestas de la Independencia de Estados Unidos. Se desconoce la identidad de la v\u00edctima y el motivo del crimen, inform\u00f3 la polic\u00eda.<\/p>\n\n\n\n<p>En los \u00faltimos d\u00edas han ocurrido varias balaceras en la v\u00eda, al igual que otras partes del Alto Manhattan, dejando varios muertos y heridos.<\/p>\n\n\n\n<p>Asimismo, durante la celebraci\u00f3n de la fiesta, un joven de 18 a\u00f1os muri\u00f3 por heridas de bala en el sector de Tremont en El Bronx. Junto a \u00e9l tambi\u00e9n fue herido otro joven de 19 a\u00f1os quien se encuentra estable. Varias personas m\u00e1s resultaron heridas en los cinco condados.<\/p>\n\n\n\n<p>En USA se celebra el 4 de julio, D\u00eda de la Independencia, una jornada que seg\u00fan las estad\u00edsticas suele ser m\u00e1s violenta de lo normal.<\/p>\n\n\n\n<p>Seg\u00fan una investigaci\u00f3n del profesor James Alan Fox, de la Universidad Northeastern de Boston, en base a las cifras de Archivo de Violencia Armada (GVA), el pa\u00eds ha sido testigo de cinco tiroteos masivos en promedio cada D\u00eda de la Independencia durante la \u00faltima d\u00e9cada, m\u00e1s que en cualquier otro d\u00eda del a\u00f1o.<\/p>\n\n\n\n<p>Seg\u00fan GVA, en lo que va de 2023 se han registrado 351 tiroteos masivos, aquellos que se cometen contra cuatro personas o m\u00e1s en un mismo lugar.<\/p>\n","protected":false},"excerpt":{"rendered":"<p>Por Ram\u00f3n Mercedes NUEVA YORK.-&nbsp;La celebraci\u00f3n del 4 de julio sald\u00f3 este martes en el Alto Manhattan con la muerte a balazos de un hombre de 30 a\u00f1os, presuntamente dominicano, frente al edificio 72 de la avenida Vermiylea, entre las calles 204 y Academy, en el sector de Inwood. El incidente ocurri\u00f3 en horas de [&hellip;]<\/p>\n","protected":false},"author":28,"featured_media":452361,"comment_status":"closed","ping_status":"","sticky":false,"template":"","format":"standard","meta":{"footnotes":""},"categories":[23,29],"tags":[],"class_list":["post-452360","post","type-post","status-publish","format-standard","has-post-thumbnail","hentry","category-internacional","category-policiasucesos"],"_links":{"self":[{"href":"https:\/\/diariodominicano.com\/index.php?rest_route=\/wp\/v2\/posts\/452360","targetHints":{"allow":["GET"]}}],"collection":[{"href":"https:\/\/diariodominicano.com\/index.php?rest_route=\/wp\/v2\/posts"}],"about":[{"href":"https:\/\/diariodominicano.com\/index.php?rest_route=\/wp\/v2\/types\/post"}],"author":[{"embeddable":true,"href":"https:\/\/diariodominicano.com\/index.php?rest_route=\/wp\/v2\/users\/28"}],"replies":[{"embeddable":true,"href":"https:\/\/diariodominicano.com\/index.php?rest_route=%2Fwp%2Fv2%2Fcomments&post=452360"}],"version-history":[{"count":2,"href":"https:\/\/diariodominicano.com\/index.php?rest_route=\/wp\/v2\/posts\/452360\/revisions"}],"predecessor-version":[{"id":452363,"href":"https:\/\/diariodominicano.com\/index.php?rest_route=\/wp\/v2\/posts\/452360\/revisions\/452363"}],"wp:featuredmedia":[{"embeddable":true,"href":"https:\/\/diariodominicano.com\/index.php?rest_route=\/wp\/v2\/media\/452361"}],"wp:attachment":[{"href":"https:\/\/diariodominicano.com\/index.php?rest_route=%2Fwp%2Fv2%2Fmedia&parent=452360"}],"wp:term":[{"taxonomy":"category","embeddable":true,"href":"https:\/\/diariodominicano.com\/index.php?rest_route=%2Fwp%2Fv2%2Fcategories&post=452360"},{"taxonomy":"post_tag","embeddable":true,"href":"https:\/\/diariodominicano.com\/index.php?rest_route=%2Fwp%2Fv2%2Ftags&post=452360"}],"curies":[{"name":"wp","href":"https:\/\/api.w.org\/{rel}","templated":true}]}}