{"id":452285,"date":"2023-07-05T10:24:18","date_gmt":"2023-07-05T14:24:18","guid":{"rendered":"http:\/\/diariodominicano.com\/?p=452285"},"modified":"2023-07-05T13:29:11","modified_gmt":"2023-07-05T17:29:11","slug":"policia-de-haiti-recibira-vehiculos-blindados","status":"publish","type":"post","link":"https:\/\/diariodominicano.com\/?p=452285","title":{"rendered":"Polic\u00eda de Hait\u00ed recibir\u00e1 veh\u00edculos blindados"},"content":{"rendered":"\n<p>diariodominicano.com<\/p>\n\n\n\n<p>Puerto Pr\u00edncipe, 5 jul (Prensa Latina) La Polic\u00eda de Hait\u00ed recibir\u00e1 nuevos veh\u00edculos blindados tras un contrato firmado por un proveedor extranjero por cuatro millones de d\u00f3lares, revel\u00f3 hoy el diario Le Nouvelliste.<\/p>\n\n\n\n<p>Se espera que los veh\u00edculos lleguen en las pr\u00f3ximas semanas para ayudar a la Polic\u00eda Nacional a combatir las pandillas y recuperar las zonas bajo control de los grupos armados.<\/p>\n\n\n\n<p>El cambio de proveedor tiene lugar tras las cr\u00edticas a la empresa canadiense Inkas por organizaciones no gubernamentales y figuras pol\u00edticas que cuestionaron los desperfectos de los artefactos, luego de que se viralizaron im\u00e1genes de los autos avanzando con dificultad mientras exped\u00edan una gran columna de humo durante operaciones realizadas por la Polic\u00eda en las inmediaciones de la terminal Varreux.<\/p>\n\n\n\n<p>El expresidente del Senado, Joseph Lambert, reclam\u00f3 explicaciones y el coordinador de la Red Nacional en Defensa de los Derechos Humanos, Pierre Esp\u00e9rance, asegur\u00f3 que los veh\u00edculos blindados tienen dificultades en el sistema de frenado y algunas zonas no est\u00e1n bien protegidas contra las balas.<\/p>\n\n\n\n<p>A eso se suma la demora en su entrega, luego que la compa\u00f1\u00eda productora se comprometi\u00f3 a tenerlos a disposici\u00f3n de las autoridades en pocas semanas.<\/p>\n\n\n\n<p>Casi un a\u00f1o despu\u00e9s del contrato, a\u00fan no se complet\u00f3 el pedido, a pesar de su pago, de acuerdo con medios locales.<\/p>\n\n\n\n<p>Se espera que pr\u00f3ximamente arriben a Hait\u00ed los seis veh\u00edculos restantes, pues Eugene Gerstein, uno de los responsables de Inkas, asegur\u00f3 a la prensa que estaban ultimando los tr\u00e1mites administrativos para la entrega.<\/p>\n\n\n\n<p>mem\/ane<\/p>\n","protected":false},"excerpt":{"rendered":"<p>diariodominicano.com Puerto Pr\u00edncipe, 5 jul (Prensa Latina) La Polic\u00eda de Hait\u00ed recibir\u00e1 nuevos veh\u00edculos blindados tras un contrato firmado por un proveedor extranjero por cuatro millones de d\u00f3lares, revel\u00f3 hoy el diario Le Nouvelliste. Se espera que los veh\u00edculos lleguen en las pr\u00f3ximas semanas para ayudar a la Polic\u00eda Nacional a combatir las pandillas y [&hellip;]<\/p>\n","protected":false},"author":5,"featured_media":452286,"comment_status":"closed","ping_status":"","sticky":true,"template":"","format":"standard","meta":{"footnotes":""},"categories":[112,23,27],"tags":[],"class_list":["post-452285","post","type-post","status-publish","format-standard","has-post-thumbnail","hentry","category-haiti","category-internacional","category-portada"],"_links":{"self":[{"href":"https:\/\/diariodominicano.com\/index.php?rest_route=\/wp\/v2\/posts\/452285","targetHints":{"allow":["GET"]}}],"collection":[{"href":"https:\/\/diariodominicano.com\/index.php?rest_route=\/wp\/v2\/posts"}],"about":[{"href":"https:\/\/diariodominicano.com\/index.php?rest_route=\/wp\/v2\/types\/post"}],"author":[{"embeddable":true,"href":"https:\/\/diariodominicano.com\/index.php?rest_route=\/wp\/v2\/users\/5"}],"replies":[{"embeddable":true,"href":"https:\/\/diariodominicano.com\/index.php?rest_route=%2Fwp%2Fv2%2Fcomments&post=452285"}],"version-history":[{"count":1,"href":"https:\/\/diariodominicano.com\/index.php?rest_route=\/wp\/v2\/posts\/452285\/revisions"}],"predecessor-version":[{"id":452287,"href":"https:\/\/diariodominicano.com\/index.php?rest_route=\/wp\/v2\/posts\/452285\/revisions\/452287"}],"wp:featuredmedia":[{"embeddable":true,"href":"https:\/\/diariodominicano.com\/index.php?rest_route=\/wp\/v2\/media\/452286"}],"wp:attachment":[{"href":"https:\/\/diariodominicano.com\/index.php?rest_route=%2Fwp%2Fv2%2Fmedia&parent=452285"}],"wp:term":[{"taxonomy":"category","embeddable":true,"href":"https:\/\/diariodominicano.com\/index.php?rest_route=%2Fwp%2Fv2%2Fcategories&post=452285"},{"taxonomy":"post_tag","embeddable":true,"href":"https:\/\/diariodominicano.com\/index.php?rest_route=%2Fwp%2Fv2%2Ftags&post=452285"}],"curies":[{"name":"wp","href":"https:\/\/api.w.org\/{rel}","templated":true}]}}