{"id":45225,"date":"2019-03-16T09:56:16","date_gmt":"2019-03-16T09:56:16","guid":{"rendered":"http:\/\/diariodominicano.ddns.net\/?p=45225"},"modified":"2019-03-16T09:56:16","modified_gmt":"2019-03-16T09:56:16","slug":"brasil-camino-hacia-el-terrorismo","status":"publish","type":"post","link":"https:\/\/diariodominicano.com\/?p=45225","title":{"rendered":"Brasil: \u00bfcamino hacia el terrorismo?"},"content":{"rendered":"<p><body><\/p>\n<p><strong>Manuel D\u00edaz Aponte<\/strong><\/p>\n<\/p>\n<p>Era lo que faltaba en la historia de Brasil donde no se hab\u00eda registrado ning\u00fan hecho violento con caracter\u00edsticas de terrorismo, pero dolorosamente acaba de ocurrir.    <\/p>\n<\/p>\n<p>En apenas meses, la Rep\u00fablica Federativa de Brasil ha experimentado diversas transformaciones pol\u00edticas y sociales que han impactado m\u00e1s all\u00e1 de sus fronteras. Ahora mismo, la sociedad brasile\u00f1a est\u00e1 horrorizada y compungida ante el acto terrorista perpetrado por dos j\u00f3venes suicidas que acabaron con las vidas de ocho estudiantes y empleados de un centro escolar p\u00fablico en Sao Paulo.<\/p>\n<\/p>\n<p>\u00a1Qu\u00e9 horror!, la barbarie camino a imponerse en una naci\u00f3n caracterizada por la alegr\u00eda, jovialidad y amabilidad de sus gentes que orgullosamente promov\u00edan el esp\u00edritu de confraternidad que siempre les ha caracterizados.<\/p>\n<\/p>\n<p>Una experiencia para los brasile\u00f1os acostumbrados a las peleas callejeras, asaltos y en ocasiones algunos enfrentamientos entre bandas rivales por el control de drogas.<\/p>\n<\/p>\n<p>Por igual, los pleitos entre fan\u00e1ticos del f\u00fatbol que frecuentemente dirimen sus diferencias a trompadas y patadas en las gradas de los estadios.<\/p>\n<\/p>\n<p>Rio de Janeiro y Sao Paulo, dos de las ciudades m\u00e1s importantes econ\u00f3mica y socialmente de Brasil, con frecuencia experimentan esos conflictos pero nunca antes se hab\u00eda registrado un acto terrorista.<\/p>\n<\/p>\n<p>Precisamente, los legisladores brasile\u00f1os a aprestan a discutir una iniciativa legal que someter\u00e1 en los pr\u00f3ximos d\u00edas el Poder Ejecutivo para incentivar la posesi\u00f3n de armas de fuego entre la poblaci\u00f3n civil.     <\/p>\n<\/p>\n<p>El presidente Jair Bolsonaro a comienzo de enero, d\u00edas posteriores de su juramentaci\u00f3n, emiti\u00f3 un decreto abriendo las facilidades para el mercado de armas entre civiles. Est\u00e1 firmemente convencido de que dotando de armas a los ciudadanos podr\u00edan reducirse las acciones vand\u00e1licas como robos domiciliarios y asaltos en las v\u00edas p\u00fablicas.<\/p>\n<\/p>\n<p>Sin embargo, parecer\u00eda que su discurso de campa\u00f1a promoviendo la fuerza del gatillo entre la poblaci\u00f3n civil  comienza a sembrar el odio en <strong>uno de los pa\u00edses del mundo m\u00e1s desigual en cuanto a niveles de ingresos y est\u00e1ndares sociales.<\/strong><\/p>\n<p><strong>Al Estilo, \u00bfviejo oeste americano?<\/strong><\/p>\n<\/p>\n<p>La iniciativa de Bolsonaro plantea el armamento de la ciudadan\u00eda y la inmunidad a los polic\u00edas que maten en el ejercicio de sus funciones.<\/p>\n<\/p>\n<p>\u00bfConsecuencias de esa disposici\u00f3n? Una masiva proliferaci\u00f3n de armas de fuego entre civiles y por consiguiente, m\u00e1s violencia callejera, confrontaci\u00f3n, inseguridad y p\u00e1nico.<\/p>\n<\/p>\n<p>Es ins\u00f3lito que el propio mandatario admita p\u00fablicamente que duerme con un arma al lado de la cama en el Palacio de la Alvorada, residencia oficial de los gobernantes brasile\u00f1os.<\/p>\n<\/p>\n<p>El ex capit\u00e1n del ej\u00e9rcito brasile\u00f1o parece que duerme con un ojo abierto y otro cerrado. Recientemente, medios de comunicaci\u00f3n de Brasil comentan supuestas \u00abdiferencias\u00bb entre la c\u00fapula militar por declaraciones de Bolsonaro.   <\/p>\n<\/p>\n<p>\u00bfSer\u00e1 que desconf\u00eda de su propio equipo de seguridad o simplemente es parte de un estilo inusual de un presidente, cuya expresi\u00f3n p\u00fablica puede poner en entredicho a los organismos de vigilancia del Estado de Brasil?<\/p>\n<\/p>\n<p>Seg\u00fan revelaciones del Foro Brasile\u00f1o de Seguridad P\u00fablica en 2017, murieron en Brasil 63.880 personas, 175 al d\u00eda. De ese total, cinco mil 144 cayeron acribillados por la Polic\u00eda.<\/p>\n<\/p>\n<p>Pero ante la masacre registrada en una escuela de Suzano, localidad situada en la regi\u00f3n del Gran Sao Paulo, donde dos tiradores dejaron al menos diez muertos, entre ellos, cinco alumnos los principales medios comunicacionales brasile\u00f1os comienzan a cuestionar la pol\u00edtica de seguridad del gobierno.<\/p>\n<\/p>\n<p>Esta nueva modalidad de violencia en Brasil abre las compuertas a inquietudes en diferentes instancias, incluidas en los \u00e1mbitos de seguridad nacional.<\/p>\n<p><strong>Las Investigaciones<\/strong><\/p>\n<\/p>\n<p>Las autoridades judiciales buscan determinar si hay conexiones entre los autores de la masacre con alguna c\u00e9lula del terrorismo internacional o tambi\u00e9n si fueron motivados por corrientes xenofobitas alrededor del mundo.  <\/p>\n<\/p>\n<p>Partiendo de esa primicia est\u00e1n investigando los antecedentes familiares de ambos suicidas que perpetraron la acci\u00f3n sangrienta. El primer perfil que aflora es de cr\u00edmenes de odio, seg\u00fan rese\u00f1an rotativos brasile\u00f1os entre ellos, Folha de Sao Paulo y O Globo.  <\/p>\n<\/p>\n<p>Los perpetradores del horrendo crimen fueron los ex alumnos  Luiz Henrique de Castro y Guillermo Taucci Monteiro, de 16 y 17 a\u00f1os de edad, respectivamente.<\/p>\n<\/p>\n<p>En el rastreo investigativo se analizan diversos contenidos en la Web e intercambios de mensajes a trav\u00e9s de las redes sociales que podr\u00edan incentivar comportamientos violentos entre la juventud.<\/p>\n<\/p>\n<p>Bolsonaro en un breve mensaje difundido en las redes sociales rese\u00f1\u00f3 que: \u00abEl caso fue una monstruosidad y cobard\u00eda sin tama\u00f1o\u00bb.<\/p>\n<\/p>\n<p>Diversos sectores de la sociedad brasile\u00f1a han condenado la masacre, mientras que profesionales de la conducta advierten que se trata de un hecho que debe ser exhaustivamente investigado por las distintas agencias de seguridad.<\/p>\n<\/p>\n<p>Mandatarios de pa\u00edses latinoamericanos han expresado su solidaridad con el pueblo brasile\u00f1o que sufre el impacto de esta tragedia.<\/p>\n<\/p>\n<p><strong>Tecnolog\u00eda Vs. Perversidad<\/strong><\/p>\n<\/p>\n<p>Ha trascendido que los autores de la matanza buscaban \u00abconvertirse en famosos\u00bb, lo que se interpreta en las fases de investigaciones que se vienen realizando como una clara se\u00f1al del v\u00ednculo directo entre alg\u00fan contenido difundido en la Internet con grupos radicales y de mentalidad que buscan enarbolar e incentivar la xenofobia y el odio.<\/p>\n<\/p>\n<p>Un mundo virtual desenfocado y propiciador de la violencia se convierte r\u00e1pidamente en una poderosa arma, especialmente entre los j\u00f3venes, cuyo alcance destructor es inimaginable y de una dimensi\u00f3n sin l\u00edmites.<\/p>\n<p><strong>Art\u00edculo de Manuel D\u00edaz Aponte<\/strong><\/p>\n<\/p>\n<h6> 2019-03-16 09:56:16 <\/h6>\n<p><!--\n<link rel=\"stylesheet\" href=\"css\/bootstrap.min.css\">\n\n\n<ul class=\"pagination\">\n\t    \n\t\n\n<li >\n\t<a href='?page_no=795'>Previous<\/a>\n\t<\/li>\n\n\n       \n    \n\n<li><a href='?page_no=1'>1<\/a><\/li>\n\n\n\n<li><a href='?page_no=2'>2<\/a><\/li>\n\n\n\n<li><a>...<\/a><\/li>\n\n\n\n<li><a href='?page_no=794'>794<\/a><\/li>\n\n\n\n<li><a href='?page_no=795'>795<\/a><\/li>\n\n\n\n<li class='active'><a>796<\/a><\/li>\n\n\n\n<li><a href='?page_no=797'>797<\/a><\/li>\n\n\n\n<li><a href='?page_no=798'>798<\/a><\/li>\n\n\n\n<li><a>...<\/a><\/li>\n\n\n\n<li><a href='?page_no=13611'>13611<\/a><\/li>\n\n\n\n<li><a href='?page_no=13612'>13612<\/a><\/li>\n\n    \n\t\n\n<li >\n\t<a href='?page_no=797'>Next<\/a>\n\t<\/li>\n\n\n    \n\n<li><a href='?page_no=13612'>Last &rsaquo;&rsaquo;<\/a><\/li>\n\n<\/ul>\n\n\n--><br \/>\n<\/body><\/p>\n","protected":false},"excerpt":{"rendered":"<p>Manuel D\u00edaz Aponte Era lo que faltaba en la historia de Brasil donde no se hab\u00eda registrado ning\u00fan hecho violento con caracter\u00edsticas de terrorismo, pero dolorosamente acaba de ocurrir. En apenas meses, la Rep\u00fablica Federativa de Brasil ha experimentado diversas transformaciones pol\u00edticas y sociales que han impactado m\u00e1s all\u00e1 de sus fronteras. Ahora mismo, la [&hellip;]<\/p>\n","protected":false},"author":3,"featured_media":0,"comment_status":"open","ping_status":"open","sticky":false,"template":"","format":"standard","meta":{"footnotes":""},"categories":[16],"tags":[],"class_list":["post-45225","post","type-post","status-publish","format-standard","hentry","category-opiniones"],"_links":{"self":[{"href":"https:\/\/diariodominicano.com\/index.php?rest_route=\/wp\/v2\/posts\/45225","targetHints":{"allow":["GET"]}}],"collection":[{"href":"https:\/\/diariodominicano.com\/index.php?rest_route=\/wp\/v2\/posts"}],"about":[{"href":"https:\/\/diariodominicano.com\/index.php?rest_route=\/wp\/v2\/types\/post"}],"author":[{"embeddable":true,"href":"https:\/\/diariodominicano.com\/index.php?rest_route=\/wp\/v2\/users\/3"}],"replies":[{"embeddable":true,"href":"https:\/\/diariodominicano.com\/index.php?rest_route=%2Fwp%2Fv2%2Fcomments&post=45225"}],"version-history":[{"count":0,"href":"https:\/\/diariodominicano.com\/index.php?rest_route=\/wp\/v2\/posts\/45225\/revisions"}],"wp:attachment":[{"href":"https:\/\/diariodominicano.com\/index.php?rest_route=%2Fwp%2Fv2%2Fmedia&parent=45225"}],"wp:term":[{"taxonomy":"category","embeddable":true,"href":"https:\/\/diariodominicano.com\/index.php?rest_route=%2Fwp%2Fv2%2Fcategories&post=45225"},{"taxonomy":"post_tag","embeddable":true,"href":"https:\/\/diariodominicano.com\/index.php?rest_route=%2Fwp%2Fv2%2Ftags&post=45225"}],"curies":[{"name":"wp","href":"https:\/\/api.w.org\/{rel}","templated":true}]}}