{"id":452113,"date":"2023-07-04T12:01:08","date_gmt":"2023-07-04T16:01:08","guid":{"rendered":"http:\/\/diariodominicano.com\/?p=452113"},"modified":"2023-07-04T12:01:08","modified_gmt":"2023-07-04T16:01:08","slug":"guzman-fermin-exhorta-al-gobierno-enmendar-error-de-eliminar-dican","status":"publish","type":"post","link":"https:\/\/diariodominicano.com\/?p=452113","title":{"rendered":"Guzm\u00e1n Ferm\u00edn exhorta al gobierno \u00abenmendar error de eliminar DICAN\u00bb"},"content":{"rendered":"\n<p> Rafael Guillermo Guzm\u00e1n Ferm\u00edn <\/p>\n\n\n\n<p>El general retirado Rafael Guillermo Guzm\u00e1n Ferm\u00edn dijo que la eliminaci\u00f3n de la Direcci\u00f3n Central de Antinarc\u00f3ticos -DICAN- fue un error que se debe revertir para tener mejores progresos en el combate al microtr\u00e1fico de drogas en las distintas comunidades de Rep\u00fablica Dominicana.<\/p>\n\n\n\n<p>El ex jefe de la Polic\u00eda Nacional sostuvo que aunque reconoce los esfuerzos pol\u00edticos que ha desplegado el presidente Luis Abinader para enfrentar la criminalidad, lamenta que est\u00e9 muy mal asesorado en el tema de la seguridad ciudadana.<\/p>\n\n\n\n<p>\u201cNo s\u00e9 quien asesora al presidente de la Rep\u00fablica en el tema, pero quien sea es un mal asesor, porque a todos los que ha buscado para manejar la seguridad ciudadana han sido un fracaso\u201d, subray\u00f3 el tambi\u00e9n miembro de la Direcci\u00f3n Pol\u00edtica del partido Fuerza del Pueblo,\u00a0 al participar del espacio, \u201cPa\u00eds 2024 que cada d\u00eda se produce por el canal 27  RNN\u201d.<\/p>\n\n\n\n<p><strong>Fracaso del gobierno<\/strong><\/p>\n\n\n\n<p>Guzm\u00e1n Ferm\u00edn opin\u00f3 que la principal evidencia del fracaso del gobierno en la conducci\u00f3n de la seguridad ciudadana, es que el mismo gobernante ha tenido que asumir y supervisar las acciones de las agencias responsables del tema.<\/p>\n\n\n\n<p>El dirigente pol\u00edtico y experto en seguridad ciudadana record\u00f3 que cuando en la gesti\u00f3n de gobierno del ex presidente Leonel Fern\u00e1ndez se puso en marcha el Plan de Seguridad Democr\u00e1tica, le entregaban a la Polic\u00eda Nacional los proyectos del programa y la instituci\u00f3n bajo su mando era quien decid\u00eda como se har\u00eda.<\/p>\n\n\n\n<p>\u201cEl qu\u00e9, s\u00ed; y el c\u00f3mo, no; nosotros desarrollamos al pie de la letra el programa de Seguridad Democr\u00e1tica dise\u00f1ado por el Ministerio de Interior y Polic\u00eda, en su ruta cr\u00edtica, y las evaluaciones que se hac\u00edan permanentemente, bajo las orientaciones del Dr. Franklin Almeyda, que fue un gran ministro\u201d, signific\u00f3 el general Guzm\u00e1n Ferm\u00edn.<\/p>\n\n\n\n<p>No hay plan seguridad preventiva<\/p>\n\n\n\n<p>Dijo que el gran problema de la seguridad ciudadana en estos momentos es que carece un plan de seguridad preventivo, que debe dise\u00f1ar el Ministerio de Interior y Polic\u00eda<\/p>\n\n\n\n<p>Record\u00f3 que el Ministerio de Interior y Polic\u00eda puso en marcha el plan \u201cVuelta al Barrio\u201d, que result\u00f3 un fracaso rotundo y basta con preguntar en el sector de Cristo Rey, cu\u00e1l fue el resultado que dej\u00f3 el mismo.<\/p>\n\n\n\n<p>&nbsp;\u201cLo que quiere decir que ellos se fueron de los barrios, porque si est\u00e1n de vuelta es porque no estaban. Otro plan, y as\u00ed van inventando cosas, pero carecen de un plan integral y lo que el pa\u00eds necesita con urgencia es un plan de prevenci\u00f3n de la delincuencia y la criminalidad\u201d, explic\u00f3 el dirigente pol\u00edtico.<\/p>\n\n\n\n<p><strong>S\u00f3lo atacan los efectos<\/strong><\/p>\n\n\n\n<p>Ampli\u00f3 que la \u00fanica forma que tiene el gobierno para impulsar un plan preventivo es atacando las causas que generan la violencia y la delincuencia y se han limitado a atacar los efectos, con operativos como los que se pusieron en marcha cuando hicieron la amenaza a la Procuradora Mirian Germ\u00e1n Brito.<\/p>\n\n\n\n<p>A\u00f1adi\u00f3 que el gobierno est\u00e1 haciendo el trabajo de \u201capaga fuego\u201d, reaccionando a las denuncias en los medios de comunicaci\u00f3n y las redes sociales; mandan un operativo reactivo, cuando lo m\u00e1s sensato es preverlos.<\/p>\n\n\n\n<p>Guzm\u00e1n Ferm\u00edn dijo que las instituciones p\u00fablicas no pueden actuar sobre improvisaciones, porque cuando se produce una falla en una, se lleva en cadena a las dem\u00e1s.<\/p>\n\n\n\n<p>Secretaria Com<a target=\"_blank\" href=\"mailto:asist.tesec@gmail.com\" rel=\"noreferrer noopener\">asist.tesec@gmail.com<\/a><\/p>\n","protected":false},"excerpt":{"rendered":"<p>Rafael Guillermo Guzm\u00e1n Ferm\u00edn El general retirado Rafael Guillermo Guzm\u00e1n Ferm\u00edn dijo que la eliminaci\u00f3n de la Direcci\u00f3n Central de Antinarc\u00f3ticos -DICAN- fue un error que se debe revertir para tener mejores progresos en el combate al microtr\u00e1fico de drogas en las distintas comunidades de Rep\u00fablica Dominicana. El ex jefe de la Polic\u00eda Nacional sostuvo [&hellip;]<\/p>\n","protected":false},"author":28,"featured_media":452117,"comment_status":"closed","ping_status":"","sticky":true,"template":"","format":"standard","meta":{"footnotes":""},"categories":[20,29,27],"tags":[],"class_list":["post-452113","post","type-post","status-publish","format-standard","has-post-thumbnail","hentry","category-dominicana-hoy","category-policiasucesos","category-portada"],"_links":{"self":[{"href":"https:\/\/diariodominicano.com\/index.php?rest_route=\/wp\/v2\/posts\/452113","targetHints":{"allow":["GET"]}}],"collection":[{"href":"https:\/\/diariodominicano.com\/index.php?rest_route=\/wp\/v2\/posts"}],"about":[{"href":"https:\/\/diariodominicano.com\/index.php?rest_route=\/wp\/v2\/types\/post"}],"author":[{"embeddable":true,"href":"https:\/\/diariodominicano.com\/index.php?rest_route=\/wp\/v2\/users\/28"}],"replies":[{"embeddable":true,"href":"https:\/\/diariodominicano.com\/index.php?rest_route=%2Fwp%2Fv2%2Fcomments&post=452113"}],"version-history":[{"count":1,"href":"https:\/\/diariodominicano.com\/index.php?rest_route=\/wp\/v2\/posts\/452113\/revisions"}],"predecessor-version":[{"id":452118,"href":"https:\/\/diariodominicano.com\/index.php?rest_route=\/wp\/v2\/posts\/452113\/revisions\/452118"}],"wp:featuredmedia":[{"embeddable":true,"href":"https:\/\/diariodominicano.com\/index.php?rest_route=\/wp\/v2\/media\/452117"}],"wp:attachment":[{"href":"https:\/\/diariodominicano.com\/index.php?rest_route=%2Fwp%2Fv2%2Fmedia&parent=452113"}],"wp:term":[{"taxonomy":"category","embeddable":true,"href":"https:\/\/diariodominicano.com\/index.php?rest_route=%2Fwp%2Fv2%2Fcategories&post=452113"},{"taxonomy":"post_tag","embeddable":true,"href":"https:\/\/diariodominicano.com\/index.php?rest_route=%2Fwp%2Fv2%2Ftags&post=452113"}],"curies":[{"name":"wp","href":"https:\/\/api.w.org\/{rel}","templated":true}]}}