{"id":452060,"date":"2023-07-04T08:28:37","date_gmt":"2023-07-04T12:28:37","guid":{"rendered":"http:\/\/diariodominicano.com\/?p=452060"},"modified":"2023-07-04T08:29:39","modified_gmt":"2023-07-04T12:29:39","slug":"mas-tragedia-en-el-alto-manhattan-2-muertos-y-4-heridos-en-accidentes-automovilistico","status":"publish","type":"post","link":"https:\/\/diariodominicano.com\/?p=452060","title":{"rendered":"M\u00e1s tragedia en el Alto Manhattan; 2 muertos y 4 heridos en accidentes automovil\u00edstico"},"content":{"rendered":"\n<p><strong>Por Ram\u00f3n Mercedes<\/strong><\/p>\n\n\n\n<p><strong>NUEVA YORK.-<\/strong>&nbsp;Las tragedias contin\u00faan en el Alto Manhattan, que en los \u00faltimos d\u00edas ha sido centro de reportes de muertes violentas por disparos, heridos a balazos y pu\u00f1aladas.&nbsp;<\/p>\n\n\n\n<p>Este lunes en horas de la ma\u00f1ana, cinco j\u00f3venes entre los 12 y 17 a\u00f1os de edad que iban a alta velocidad en un carro Hyundai Elantra por la avenida Audubon con la calle 179, chocaron con otros veh\u00edculos, volc\u00e1ndose. Dos de ellos fallecieron y 4 resultaron heridos, incluyendo el conductor de un jeep chocado.<\/p>\n\n\n\n<p>El veh\u00edculo hab\u00eda sido reportado como robado en el vecindario el pasado domingo, dijo la polic\u00eda.<\/p>\n\n\n\n<p>Varios transe\u00fantes trataron de auxiliar a los ocupantes del carro volcado, pero le fue imposible, esperando pocos minutos que llegaran los bomberos.&nbsp;<\/p>\n\n\n\n<p>Testigos describieron que vieron a los j\u00f3venes conduciendo de manera err\u00e1tica en el \u00e1rea antes del accidente.<\/p>\n\n\n\n<p>El \u00faltimo reporte policial correspondiente al pasado domingo indica que en la Gran Manzana se hab\u00edan robado 7,624 veh\u00edculos en lo que va del a\u00f1o, para un aumento de 18.1% ya que el pasado a\u00f1o para esta misma fecha desconocidos hab\u00edan sustra\u00eddo 6,455.<\/p>\n","protected":false},"excerpt":{"rendered":"<p>Por Ram\u00f3n Mercedes NUEVA YORK.-&nbsp;Las tragedias contin\u00faan en el Alto Manhattan, que en los \u00faltimos d\u00edas ha sido centro de reportes de muertes violentas por disparos, heridos a balazos y pu\u00f1aladas.&nbsp; Este lunes en horas de la ma\u00f1ana, cinco j\u00f3venes entre los 12 y 17 a\u00f1os de edad que iban a alta velocidad en un [&hellip;]<\/p>\n","protected":false},"author":28,"featured_media":452061,"comment_status":"closed","ping_status":"","sticky":true,"template":"","format":"standard","meta":{"footnotes":""},"categories":[23,29,27],"tags":[],"class_list":["post-452060","post","type-post","status-publish","format-standard","has-post-thumbnail","hentry","category-internacional","category-policiasucesos","category-portada"],"_links":{"self":[{"href":"https:\/\/diariodominicano.com\/index.php?rest_route=\/wp\/v2\/posts\/452060","targetHints":{"allow":["GET"]}}],"collection":[{"href":"https:\/\/diariodominicano.com\/index.php?rest_route=\/wp\/v2\/posts"}],"about":[{"href":"https:\/\/diariodominicano.com\/index.php?rest_route=\/wp\/v2\/types\/post"}],"author":[{"embeddable":true,"href":"https:\/\/diariodominicano.com\/index.php?rest_route=\/wp\/v2\/users\/28"}],"replies":[{"embeddable":true,"href":"https:\/\/diariodominicano.com\/index.php?rest_route=%2Fwp%2Fv2%2Fcomments&post=452060"}],"version-history":[{"count":1,"href":"https:\/\/diariodominicano.com\/index.php?rest_route=\/wp\/v2\/posts\/452060\/revisions"}],"predecessor-version":[{"id":452062,"href":"https:\/\/diariodominicano.com\/index.php?rest_route=\/wp\/v2\/posts\/452060\/revisions\/452062"}],"wp:featuredmedia":[{"embeddable":true,"href":"https:\/\/diariodominicano.com\/index.php?rest_route=\/wp\/v2\/media\/452061"}],"wp:attachment":[{"href":"https:\/\/diariodominicano.com\/index.php?rest_route=%2Fwp%2Fv2%2Fmedia&parent=452060"}],"wp:term":[{"taxonomy":"category","embeddable":true,"href":"https:\/\/diariodominicano.com\/index.php?rest_route=%2Fwp%2Fv2%2Fcategories&post=452060"},{"taxonomy":"post_tag","embeddable":true,"href":"https:\/\/diariodominicano.com\/index.php?rest_route=%2Fwp%2Fv2%2Ftags&post=452060"}],"curies":[{"name":"wp","href":"https:\/\/api.w.org\/{rel}","templated":true}]}}