{"id":452012,"date":"2023-07-04T00:13:10","date_gmt":"2023-07-04T04:13:10","guid":{"rendered":"http:\/\/diariodominicano.com\/?p=452012"},"modified":"2023-07-04T00:13:37","modified_gmt":"2023-07-04T04:13:37","slug":"ministerio-publico-investiga-hecho-en-que-se-presume-hubo-doble-homicidio-en-san-juan","status":"publish","type":"post","link":"https:\/\/diariodominicano.com\/?p=452012","title":{"rendered":"Ministerio P\u00fablico investiga hecho en que se presume hubo doble homicidio en San Juan"},"content":{"rendered":"\n<p>Fiscal\u00eda de San Juan de la Maguana<\/p>\n\n\n\n<p>SAN JUAN, Rep\u00fablica Dominicana.- La Fiscal\u00eda de San Juan de la Maguana investiga un hecho ocurrido el pasado domingo donde un hombre presuntamente le quit\u00f3 la vida a su hija menor de edad de un disparo en la cabeza y luego se dispar\u00f3 en la sien, provoc\u00e1ndose la muerte, en la calle Duarte, del municipio Juan de Herrera, un hecho que constern\u00f3 y sorprendi\u00f3 a la comunidad.\u00a0\u00a0<\/p>\n\n\n\n<p>Alrededor de las 5:20 de la tarde miembros de la Direcci\u00f3n Regional Oeste de la Polic\u00eda Nacional y el fiscal de turno Gabriel Suero Moquete fueron informados de que se hab\u00edan escuchado disparos y que dentro de la marquesina de una vivienda de dicha localidad estaban dos personas muertas.&nbsp;&nbsp;<\/p>\n\n\n\n<p>Acompa\u00f1ados de la doctora Creucia Encarnaci\u00f3n y un t\u00e9cnico de la Polic\u00eda Cient\u00edfica, el equipo se traslad\u00f3 al lugar y procedi\u00f3 a realizar el levantamiento de los cuerpos, trat\u00e1ndose del se\u00f1or Manuel Emilio Reyes (Gringo Arena), de 53 a\u00f1os de edad, y su hija de iniciales G.R.T., de 14 a\u00f1os.&nbsp;&nbsp;<\/p>\n\n\n\n<p>Seg\u00fan el reporte m\u00e9dico, mediante las actas de levantamiento de cad\u00e1ver No. 64485 y 64486, el padre y su hija fallecieron a consecuencias de heridas de proyectil de arma de fuego, con entrada en la sien, regi\u00f3n frontal derecha, salida en la sien izquierda y la adolescente con herida en la sien izquierda sin salida, hipoxia cerebral.&nbsp; Ambos cuerpos fueron enviados al Instituto Nacional de Ciencias Forenses (Inacif), en Azua, para fines de autopsias.&nbsp;<\/p>\n\n\n\n<p>Las autoridades informaron en un comunicado, que los cuerpos fueron encontrados en un carro marca Honda Accord, color negro, placa A618247, chasis No. 1HGCP36758A056182, propiedad del supuesto autor del hecho Manuel Emilio Reyes (Gringo Arena).&nbsp;<\/p>\n\n\n\n<p>Indicaron, adem\u00e1s, que fue ocupada un arma de fuego (pistola), marca Smith Wesson, calibre 9mm, serial No. VJE8316, la cual portaba amparada en una licencia de porte y tenencia vencida desde el d\u00eda 6 de noviembre de 2019.&nbsp;<\/p>\n\n\n\n<p>Seg\u00fan versiones de familiares, el matador ten\u00eda dos d\u00edas tomando alcohol y ven\u00eda confrontando problemas con la menor, supuestamente por su comportamiento; un d\u00eda antes la hab\u00eda amenazado con que le dar\u00eda un tiro y que se matar\u00eda.&nbsp;<\/p>\n\n\n\n<p>Este hecho ha conmocionado a la poblaci\u00f3n, muy especialmente a familiares y amigos.<\/p>\n\n\n\n<p>La Fiscal\u00eda de San Juan de la Maguana dijo que est\u00e1 a la espera de los resultados de las autopsias, al tiempo que lament\u00f3 el hecho e invit\u00f3 a la poblaci\u00f3n a la no violencia, poniendo a disposici\u00f3n los servicios de psicolog\u00eda de esa dependencia para que reciban las orientaciones necesarias en momentos de dificultad.&nbsp;&nbsp;<\/p>\n\n\n\n<p><strong>Direcci\u00f3n General de Comunicaci\u00f3n, Prensa, y RRPP<\/strong><\/p>\n\n\n\n<p>Ministerio P\u00fablico.&nbsp;R.D.<\/p>\n\n\n\n<p>Lunes, 3 de julio de 2023.<\/p>\n\n\n\n<p><\/p>\n","protected":false},"excerpt":{"rendered":"<p>Fiscal\u00eda de San Juan de la Maguana SAN JUAN, Rep\u00fablica Dominicana.- La Fiscal\u00eda de San Juan de la Maguana investiga un hecho ocurrido el pasado domingo donde un hombre presuntamente le quit\u00f3 la vida a su hija menor de edad de un disparo en la cabeza y luego se dispar\u00f3 en la sien, provoc\u00e1ndose la [&hellip;]<\/p>\n","protected":false},"author":28,"featured_media":367086,"comment_status":"closed","ping_status":"","sticky":true,"template":"","format":"standard","meta":{"footnotes":""},"categories":[24,29,27],"tags":[],"class_list":["post-452012","post","type-post","status-publish","format-standard","has-post-thumbnail","hentry","category-justicia-y-derecho","category-policiasucesos","category-portada"],"_links":{"self":[{"href":"https:\/\/diariodominicano.com\/index.php?rest_route=\/wp\/v2\/posts\/452012","targetHints":{"allow":["GET"]}}],"collection":[{"href":"https:\/\/diariodominicano.com\/index.php?rest_route=\/wp\/v2\/posts"}],"about":[{"href":"https:\/\/diariodominicano.com\/index.php?rest_route=\/wp\/v2\/types\/post"}],"author":[{"embeddable":true,"href":"https:\/\/diariodominicano.com\/index.php?rest_route=\/wp\/v2\/users\/28"}],"replies":[{"embeddable":true,"href":"https:\/\/diariodominicano.com\/index.php?rest_route=%2Fwp%2Fv2%2Fcomments&post=452012"}],"version-history":[{"count":2,"href":"https:\/\/diariodominicano.com\/index.php?rest_route=\/wp\/v2\/posts\/452012\/revisions"}],"predecessor-version":[{"id":452014,"href":"https:\/\/diariodominicano.com\/index.php?rest_route=\/wp\/v2\/posts\/452012\/revisions\/452014"}],"wp:featuredmedia":[{"embeddable":true,"href":"https:\/\/diariodominicano.com\/index.php?rest_route=\/wp\/v2\/media\/367086"}],"wp:attachment":[{"href":"https:\/\/diariodominicano.com\/index.php?rest_route=%2Fwp%2Fv2%2Fmedia&parent=452012"}],"wp:term":[{"taxonomy":"category","embeddable":true,"href":"https:\/\/diariodominicano.com\/index.php?rest_route=%2Fwp%2Fv2%2Fcategories&post=452012"},{"taxonomy":"post_tag","embeddable":true,"href":"https:\/\/diariodominicano.com\/index.php?rest_route=%2Fwp%2Fv2%2Ftags&post=452012"}],"curies":[{"name":"wp","href":"https:\/\/api.w.org\/{rel}","templated":true}]}}