{"id":452006,"date":"2023-07-04T00:03:56","date_gmt":"2023-07-04T04:03:56","guid":{"rendered":"http:\/\/diariodominicano.com\/?p=452006"},"modified":"2023-07-04T00:03:56","modified_gmt":"2023-07-04T04:03:56","slug":"el-ministerio-publico-y-policia-nacional-capturan-un-adulto-mayor-de-81-anos-perseguido-por-asesinato-en-estados-unidos","status":"publish","type":"post","link":"https:\/\/diariodominicano.com\/?p=452006","title":{"rendered":"El Ministerio P\u00fablico y Polic\u00eda Nacional capturan un adulto mayor de 81 a\u00f1os perseguido por asesinato en Estados Unidos"},"content":{"rendered":"\n<p>SAN PEDRO DE MACOR\u00cdS (Rep\u00fablica Dominicana).- La Procuradur\u00eda Especializada Antilavado de Activos y Financiamiento del Terrorismo, conjuntamente con la Divisi\u00f3n Especial de Investigaci\u00f3n de Crimen Organizado Internacional (DEICROI), de la Polic\u00eda Nacional, arrest\u00f3 a Leomar Valdes Mart\u00ednez, de nacionalidad cubana, quien era perseguido por los Estados Unidos, por un asesinato subyacente y del cual se investiga por lavado de activos, cr\u00edmenes cometidos en Miami, Florida.<\/p>\n\n\n\n<p>Valdes Mart\u00ednez permanec\u00eda de manera ilegal en la Rep\u00fablica Dominicana, conforme emiti\u00f3 la Direcci\u00f3n General de Migraci\u00f3n en el Auto No. 00023-2023. La ejecuci\u00f3n de la deportaci\u00f3n se hizo tras un allanamiento autorizado por la Coordinaci\u00f3n de los Juzgados de la Instrucci\u00f3n del Distrito Nacional, practicado en la morada de Valdes Mart\u00ednez, ubicada en el sector Los Fili\u00fa, de San Pedro de Macor\u00eds, por una solicitud de cooperaci\u00f3n internacional de las autoridades americanas.&nbsp;<\/p>\n\n\n\n<p>En el referido allanamiento se ocuparon documentos relacionados a su proceso en Estados Unidos, a pesar de que niega rotundamente su participaci\u00f3n criminal.&nbsp;<\/p>\n\n\n\n<p>Valdes Mart\u00ednez, conforme indica la solicitud de cooperaci\u00f3n del FBI a las autoridades dominicanas, es un fugitivo altamente peligroso y armado y quien proporcionaba informaci\u00f3n falsa, para evitar su captura, tras la comisi\u00f3n de los hechos en el Condado de Miami y crear una fortuna en la Rep\u00fablica Dominicana.&nbsp;<\/p>\n\n\n\n<p>En las pr\u00f3ximas horas, las autoridades del FBI, trasladar\u00e1n en calidad de deportado, a Leomar Valdes Mart\u00ednez.<\/p>\n\n\n\n<p><strong>Direcci\u00f3n General de Comunicaci\u00f3n, Prensa, y RRPP<\/strong><\/p>\n\n\n\n<p>Ministerio P\u00fablico.&nbsp;R.D.<\/p>\n\n\n\n<p>Lunes, 3 de julio de 2023.<\/p>\n","protected":false},"excerpt":{"rendered":"<p>SAN PEDRO DE MACOR\u00cdS (Rep\u00fablica Dominicana).- La Procuradur\u00eda Especializada Antilavado de Activos y Financiamiento del Terrorismo, conjuntamente con la Divisi\u00f3n Especial de Investigaci\u00f3n de Crimen Organizado Internacional (DEICROI), de la Polic\u00eda Nacional, arrest\u00f3 a Leomar Valdes Mart\u00ednez, de nacionalidad cubana, quien era perseguido por los Estados Unidos, por un asesinato subyacente y del cual se [&hellip;]<\/p>\n","protected":false},"author":28,"featured_media":309551,"comment_status":"closed","ping_status":"","sticky":true,"template":"","format":"standard","meta":{"footnotes":""},"categories":[24,29],"tags":[],"class_list":["post-452006","post","type-post","status-publish","format-standard","has-post-thumbnail","hentry","category-justicia-y-derecho","category-policiasucesos"],"_links":{"self":[{"href":"https:\/\/diariodominicano.com\/index.php?rest_route=\/wp\/v2\/posts\/452006","targetHints":{"allow":["GET"]}}],"collection":[{"href":"https:\/\/diariodominicano.com\/index.php?rest_route=\/wp\/v2\/posts"}],"about":[{"href":"https:\/\/diariodominicano.com\/index.php?rest_route=\/wp\/v2\/types\/post"}],"author":[{"embeddable":true,"href":"https:\/\/diariodominicano.com\/index.php?rest_route=\/wp\/v2\/users\/28"}],"replies":[{"embeddable":true,"href":"https:\/\/diariodominicano.com\/index.php?rest_route=%2Fwp%2Fv2%2Fcomments&post=452006"}],"version-history":[{"count":1,"href":"https:\/\/diariodominicano.com\/index.php?rest_route=\/wp\/v2\/posts\/452006\/revisions"}],"predecessor-version":[{"id":452007,"href":"https:\/\/diariodominicano.com\/index.php?rest_route=\/wp\/v2\/posts\/452006\/revisions\/452007"}],"wp:featuredmedia":[{"embeddable":true,"href":"https:\/\/diariodominicano.com\/index.php?rest_route=\/wp\/v2\/media\/309551"}],"wp:attachment":[{"href":"https:\/\/diariodominicano.com\/index.php?rest_route=%2Fwp%2Fv2%2Fmedia&parent=452006"}],"wp:term":[{"taxonomy":"category","embeddable":true,"href":"https:\/\/diariodominicano.com\/index.php?rest_route=%2Fwp%2Fv2%2Fcategories&post=452006"},{"taxonomy":"post_tag","embeddable":true,"href":"https:\/\/diariodominicano.com\/index.php?rest_route=%2Fwp%2Fv2%2Ftags&post=452006"}],"curies":[{"name":"wp","href":"https:\/\/api.w.org\/{rel}","templated":true}]}}