{"id":45192,"date":"2019-03-18T06:58:33","date_gmt":"2019-03-18T06:58:33","guid":{"rendered":"http:\/\/diariodominicano.ddns.net\/?p=45192"},"modified":"2019-03-18T06:58:33","modified_gmt":"2019-03-18T06:58:33","slug":"algo-mas-que-palabrasen-la-bienestar-de-los-demas-reside-nuestra-propia-satisfaccion","status":"publish","type":"post","link":"https:\/\/diariodominicano.com\/?p=45192","title":{"rendered":"ALGO M\u00c1S QUE PALABRAS&#13;&#13;EN LA BIENESTAR DE LOS DEM\u00c1S, &#13;RESIDE NUESTRA PROPIA SATISFACCI\u00d3N"},"content":{"rendered":"<p><body><\/p>\n<\/p>\n<p>\u00abL a placidez se alcanza a trav\u00e9s de la certeza de ser yo en mi personal identidad y de no sentirse perdido\u00bb. <\/p>\n<\/p>\n<p>========================<\/p>\n<p>V\u00edctor Corcoba Herrero\/ Escritor<\/p>\n<p>corcoba@telefonica.net<\/p>\n<p>=========================<\/p>\n<\/p>\n<p>Desde el a\u00f1o 2013, Naciones Unidas, viene celebrando durante este mes de marzo, ese esp\u00edritu gozoso de felicidad que todos nos merecemos por el simple hecho de vivir. Sin duda, nuestra primera premisa ha de partir de una realidad, la de ser compasivo con nuestros an\u00e1logos, puesto que en el bienestar de los dem\u00e1s tambi\u00e9n reside nuestra propia satisfacci\u00f3n. En consecuencia, hemos de poner en valor el horizonte de ser felices, ensanchando el coraz\u00f3n, abriendo los brazos, don\u00e1ndonos en suma, con perd\u00f3n incluido. No podemos pasar por la tierra sin desvivirnos por ella, sin contribuir con nuestro esfuerzo a hacerla un poco m\u00e1s llevadera para todos. Desde luego, nuestra primera tarea es algo privativo de cada cual, de estar en paz internamente, de reencontrarse y de comprender que en esa indagaci\u00f3n de pronombres todos somos necesarios. Por eso, hay que decir no a esta cultura individualista de lo superfluo, porque no ahonda en las entretelas de las gentes, cultiva lo ef\u00edmero, y reivindica mucho el trabajo de los otros sin exigirse a si mismo nada.  <\/p>\n<\/p>\n<p>De igual modo, los endiosamientos nos adormecen e impiden que las relaciones sean aut\u00e9nticas y provechosas para todos, para esa dicha que en el fondo todos buscamos de manera innata, pero que nos demanda compromiso y concesi\u00f3n. Sabemos que nada es f\u00e1cil en este caminar por el mundo. En 2015, las Naciones Unidas lanzaron los 17 Objetivos de Desarrollo Sostenible que pretenden poner fin a la pobreza, reducir la desigualdad y proteger nuestro planeta, tres aspectos primordiales que contribuyen a garantizar tranquilidad y sosiego. Precisamente, por la gravedad de los hechos y la obligaci\u00f3n adquirida, no podemos andar anestesiados, pero tampoco en guerra permanente, sin quietud alguna. Hemos, por tanto, de indagar entre todos esos acordes arm\u00f3nicos, nunca encerrados en s\u00ed, sino abiertos al di\u00e1logo y a la mano tendida siempre. Por desgracia, a\u00fan hoy multitud de personas se encuentran aisladas en un mundo cada vez m\u00e1s interconectado. A mi juicio, es fundamental para aquellas gentes desfavorecidas, ofrecerles nuevas oportunidades de aprender, de interactuar y hacerse escuchar. <\/p>\n<\/p>\n<p>La idea Aristot\u00e9lica de que \u00abs\u00f3lo hay felicidad donde hay virtud y esfuerzo serio, pues la vida no es un juego\u00bb, sin duda nos sirve para tomar la orientaci\u00f3n debida. A veces pensamos que la complacencia est\u00e1 en tener algo o en convertirse en alguien, y no es as\u00ed, m\u00e1s bien est\u00e1 en el ocuparse del otro y preocuparse por el otro, en  ese obrar por la paz y en ese forjar v\u00ednculos de convivencia, en esa respuesta al mal con el bien, en esa lucha por la justicia, en ese recorrer los d\u00edas para servir mejor, amando con mayor eficiencia y eficacia. Quiz\u00e1s tengamos que ser tambi\u00e9n m\u00e1s transparentes en la entrega. En cualquier caso, nuestro paso por la existencia no es para vegetar, sino para dejar una huella y esto no es nada c\u00f3modo, pues tenemos la costumbre de confundirlo todo, de optar por la comodidad, cuando en todo camino hay que arriesgar, al menos para tender puentes, poder abrazarnos y ser pi\u00f1a, en lugar de dividirnos y degradarnos  como especie pensante. Al fin y al cabo, la placidez se alcanza a trav\u00e9s de la certeza de ser yo en mi personal identidad y de no sentirse perdido.<\/p>\n<\/p>\n<p>Sin embargo, para desgracia nuestra, cada d\u00eda son m\u00e1s los l\u00edderes mundiales que activan la convulsi\u00f3n e inquietan a la ciudadan\u00eda con sus insensibles bocazas, enfrent\u00e1ndonos a batallas in\u00fatiles que nos deshumanizan por completo, llegando a corromper de falsedades las mismas instituciones p\u00fablicas. Por otra parte, tambi\u00e9n proliferan los movimientos extremistas racistas  basados en ideolog\u00edas que bucean promover agendas populistas y nacionalistas, alimentando la crueldad del racismo,  y la intolerancia permanente. M\u00e1s pronto que tarde, deber\u00edamos mitigar y contrarrestar este esp\u00edritu putrefacto, pues todos estamos llamados a propiciar otras atm\u00f3sferas m\u00e1s justas, clementes y humanas. Hemos de hermanarnos. Fraternizarse requiere \u00fanicamente mucho amor; del de verdad, del que no se desgasta ni se gasta, del que construye y domina todas las cosas. Ya est\u00e1 bien de \u00fanicamente exaltar el \u00e9xito y el privilegio de unos pocos, de activar la arrogancia de un poder excluyente, de reafirmarse ego\u00edstamente uno mismo en perjuicio de los restantes. Tocan, pues, otras propuestas de aliento y fortaleza que nos encaminen a la verdadera alegr\u00eda, afrontando los grandes desaf\u00edos de un tiempo que nos demanda mayor responsabilidad y apertura de horizontes. El regocijo, por el mero proceder del semejante, ya vale la pena. <\/p>\n<\/p>\n<p>V\u00edctor Corcoba Herrero\/ Escritor<\/p>\n<p>corcoba@telefonica.net<\/p>\n<p>17 de marzo de 2019.-<\/p>\n<h6> 2019-03-18 06:58:33 <\/h6>\n<p><!--\n<link rel=\"stylesheet\" href=\"css\/bootstrap.min.css\">\n\n\n<ul class=\"pagination\">\n\t    \n\t\n\n<li >\n\t<a href='?page_no=792'>Previous<\/a>\n\t<\/li>\n\n\n       \n    \n\n<li><a href='?page_no=1'>1<\/a><\/li>\n\n\n\n<li><a href='?page_no=2'>2<\/a><\/li>\n\n\n\n<li><a>...<\/a><\/li>\n\n\n\n<li><a href='?page_no=791'>791<\/a><\/li>\n\n\n\n<li><a href='?page_no=792'>792<\/a><\/li>\n\n\n\n<li class='active'><a>793<\/a><\/li>\n\n\n\n<li><a href='?page_no=794'>794<\/a><\/li>\n\n\n\n<li><a href='?page_no=795'>795<\/a><\/li>\n\n\n\n<li><a>...<\/a><\/li>\n\n\n\n<li><a href='?page_no=13611'>13611<\/a><\/li>\n\n\n\n<li><a href='?page_no=13612'>13612<\/a><\/li>\n\n    \n\t\n\n<li >\n\t<a href='?page_no=794'>Next<\/a>\n\t<\/li>\n\n\n    \n\n<li><a href='?page_no=13612'>Last &rsaquo;&rsaquo;<\/a><\/li>\n\n<\/ul>\n\n\n--><br \/>\n<\/body><\/p>\n","protected":false},"excerpt":{"rendered":"<p>\u00abL a placidez se alcanza a trav\u00e9s de la certeza de ser yo en mi personal identidad y de no sentirse perdido\u00bb. ======================== V\u00edctor Corcoba Herrero\/ Escritor corcoba@telefonica.net ========================= Desde el a\u00f1o 2013, Naciones Unidas, viene celebrando durante este mes de marzo, ese esp\u00edritu gozoso de felicidad que todos nos merecemos por el simple hecho [&hellip;]<\/p>\n","protected":false},"author":3,"featured_media":0,"comment_status":"open","ping_status":"open","sticky":false,"template":"","format":"standard","meta":{"footnotes":""},"categories":[16],"tags":[],"class_list":["post-45192","post","type-post","status-publish","format-standard","hentry","category-opiniones"],"_links":{"self":[{"href":"https:\/\/diariodominicano.com\/index.php?rest_route=\/wp\/v2\/posts\/45192","targetHints":{"allow":["GET"]}}],"collection":[{"href":"https:\/\/diariodominicano.com\/index.php?rest_route=\/wp\/v2\/posts"}],"about":[{"href":"https:\/\/diariodominicano.com\/index.php?rest_route=\/wp\/v2\/types\/post"}],"author":[{"embeddable":true,"href":"https:\/\/diariodominicano.com\/index.php?rest_route=\/wp\/v2\/users\/3"}],"replies":[{"embeddable":true,"href":"https:\/\/diariodominicano.com\/index.php?rest_route=%2Fwp%2Fv2%2Fcomments&post=45192"}],"version-history":[{"count":0,"href":"https:\/\/diariodominicano.com\/index.php?rest_route=\/wp\/v2\/posts\/45192\/revisions"}],"wp:attachment":[{"href":"https:\/\/diariodominicano.com\/index.php?rest_route=%2Fwp%2Fv2%2Fmedia&parent=45192"}],"wp:term":[{"taxonomy":"category","embeddable":true,"href":"https:\/\/diariodominicano.com\/index.php?rest_route=%2Fwp%2Fv2%2Fcategories&post=45192"},{"taxonomy":"post_tag","embeddable":true,"href":"https:\/\/diariodominicano.com\/index.php?rest_route=%2Fwp%2Fv2%2Ftags&post=45192"}],"curies":[{"name":"wp","href":"https:\/\/api.w.org\/{rel}","templated":true}]}}