{"id":451894,"date":"2023-07-03T16:10:50","date_gmt":"2023-07-03T20:10:50","guid":{"rendered":"http:\/\/diariodominicano.com\/?p=451894"},"modified":"2023-07-03T16:39:59","modified_gmt":"2023-07-03T20:39:59","slug":"judocas-florentino-y-silvestre-oro-en-panam-clasificatorio-a-chile","status":"publish","type":"post","link":"https:\/\/diariodominicano.com\/?p=451894","title":{"rendered":"Judocas Florentino y Silvestre, oro en Panam clasificatorio a Chile"},"content":{"rendered":"\n<p>Eraima Silvestre<\/p>\n\n\n\n<figure class=\"wp-block-image size-large\"><img loading=\"lazy\" decoding=\"async\" width=\"1018\" height=\"1024\" src=\"https:\/\/diariodominicano.com\/wp-content\/uploads\/2023\/07\/ROBERT-FLORENTINO-1-1018x1024.jpg\" alt=\"\" class=\"wp-image-451900\" srcset=\"https:\/\/diariodominicano.com\/wp-content\/uploads\/2023\/07\/ROBERT-FLORENTINO-1-1018x1024.jpg 1018w, https:\/\/diariodominicano.com\/wp-content\/uploads\/2023\/07\/ROBERT-FLORENTINO-1-298x300.jpg 298w, https:\/\/diariodominicano.com\/wp-content\/uploads\/2023\/07\/ROBERT-FLORENTINO-1-150x150.jpg 150w, https:\/\/diariodominicano.com\/wp-content\/uploads\/2023\/07\/ROBERT-FLORENTINO-1-768x772.jpg 768w, https:\/\/diariodominicano.com\/wp-content\/uploads\/2023\/07\/ROBERT-FLORENTINO-1-88x88.jpg 88w, https:\/\/diariodominicano.com\/wp-content\/uploads\/2023\/07\/ROBERT-FLORENTINO-1-816x821.jpg 816w, https:\/\/diariodominicano.com\/wp-content\/uploads\/2023\/07\/ROBERT-FLORENTINO-1.jpg 1080w\" sizes=\"auto, (max-width: 1018px) 100vw, 1018px\" \/><figcaption> Robert Florentino <\/figcaption><\/figure>\n\n\n\n<p><\/p>\n\n\n\n<p><strong>SANTO DOMINGO<\/strong>, RD. Los seleccionados de judo se alzaron con dos medallas de oro y tres de plata en el clasificatorio Panamericano Open que concluy\u00f3 en Guayaquil, Ecuador, y que reparti\u00f3 puntos para los Juegos Panamericanos de Santiago de Chile 2023.<\/p>\n\n\n\n<p><\/p>\n\n\n\n<p>Con los resultados, los judocas dominicanos siguen en ruta a lograr su pase para la cita continental, prevista para celebrarse del 23 de octubre al 5 de noviembre pr\u00f3ximo.<\/p>\n\n\n\n<p>La participaci\u00f3n de la delegaci\u00f3n dominicana en el clasificatorio fue posible al apoyo del Gobierno a trav\u00e9s del Ministerio de Deportes.<\/p>\n\n\n\n<p>La Rep\u00fablica Dominicana ocup\u00f3 el segundo lugar general, con las dos preseas doradas y las tres de plata, detr\u00e1s de Brasil, que fue puntero con seis oros, tres platas y nueve metales de bronce.<\/p>\n\n\n\n<p>Robert Florentino, medallista de plata en los Juegos Centroamericanos y del Caribe de El Salvador, gan\u00f3 el oro al derrotar a Yuta Galarreta, de Per\u00fa, en la categor\u00eda -90 kilos. Giovani Ferreira, de Brasil, y Daniel Paz Albarracin, de Colombia, compartieron el bronce.<\/p>\n\n\n\n<p>La otra presea de oro fue para Eiraima Silvestre, en -78 kilos, quien dobleg\u00f3 a la ecuatoriana Vanessa Chala. El bronce fue para la cubana Kaiema Antomarchi, campeona Centroamericana y del Caribe de El Salvador, y la brasile\u00f1a Samanta Soarez.<\/p>\n\n\n\n<figure class=\"wp-block-image size-large\"><img loading=\"lazy\" decoding=\"async\" width=\"1015\" height=\"1024\" src=\"https:\/\/diariodominicano.com\/wp-content\/uploads\/2023\/07\/MEDICKSON-DEL-ORBE-1-1015x1024.jpg\" alt=\"\" class=\"wp-image-451902\" srcset=\"https:\/\/diariodominicano.com\/wp-content\/uploads\/2023\/07\/MEDICKSON-DEL-ORBE-1-1015x1024.jpg 1015w, https:\/\/diariodominicano.com\/wp-content\/uploads\/2023\/07\/MEDICKSON-DEL-ORBE-1-297x300.jpg 297w, https:\/\/diariodominicano.com\/wp-content\/uploads\/2023\/07\/MEDICKSON-DEL-ORBE-1-150x150.jpg 150w, https:\/\/diariodominicano.com\/wp-content\/uploads\/2023\/07\/MEDICKSON-DEL-ORBE-1-768x775.jpg 768w, https:\/\/diariodominicano.com\/wp-content\/uploads\/2023\/07\/MEDICKSON-DEL-ORBE-1-88x88.jpg 88w, https:\/\/diariodominicano.com\/wp-content\/uploads\/2023\/07\/MEDICKSON-DEL-ORBE-1-816x824.jpg 816w, https:\/\/diariodominicano.com\/wp-content\/uploads\/2023\/07\/MEDICKSON-DEL-ORBE-1.jpg 1080w\" sizes=\"auto, (max-width: 1015px) 100vw, 1015px\" \/><figcaption> Medickson del Orbe, Jos\u00e9 Nova y Moira Morillo, en sus respectivas categor\u00edas. <\/figcaption><\/figure>\n\n\n\n<p>Las preseas de plata recayeron sobre Medickson del Orbe, Jos\u00e9 Nova y Moira Morillo, en sus respectivas categor\u00edas.<\/p>\n\n\n\n<p>Del Orbe, bronce en El Salvador, cay\u00f3 en la final ante Agust\u00edn Gil, de Argentina, en -81 kilos, mientras que Jos\u00e9 Nova, medallista de bronce en los Centroamericanos y del Caribe de El Salvador, cay\u00f3 ante Andy Granda, de Cuba, en la categor\u00eda m\u00e1s de 100 kilos.<\/p>\n\n\n\n<p>Morillo, quien gan\u00f3 bronce en El Salvador, se qued\u00f3 con la plata al sucumbir ante la doble medallista ol\u00edmpica, Idalys Ortiz, de Cuba, ganadora del oro en San Salvador 2023.<\/p>\n\n\n\n<p>Jesus Leonardo Reyes<a target=\"_blank\" href=\"mailto:jesusleonardoreyes562@gmail.com\" rel=\"noreferrer noopener\">jesusleonardoreyes562@gmai<\/a><\/p>\n\n\n\n<p><\/p>\n","protected":false},"excerpt":{"rendered":"<p>Eraima Silvestre SANTO DOMINGO, RD. Los seleccionados de judo se alzaron con dos medallas de oro y tres de plata en el clasificatorio Panamericano Open que concluy\u00f3 en Guayaquil, Ecuador, y que reparti\u00f3 puntos para los Juegos Panamericanos de Santiago de Chile 2023. Con los resultados, los judocas dominicanos siguen en ruta a lograr su [&hellip;]<\/p>\n","protected":false},"author":28,"featured_media":451899,"comment_status":"closed","ping_status":"","sticky":true,"template":"","format":"standard","meta":{"footnotes":""},"categories":[17,27,32],"tags":[],"class_list":["post-451894","post","type-post","status-publish","format-standard","has-post-thumbnail","hentry","category-deportes","category-portada","category-turismo"],"_links":{"self":[{"href":"https:\/\/diariodominicano.com\/index.php?rest_route=\/wp\/v2\/posts\/451894","targetHints":{"allow":["GET"]}}],"collection":[{"href":"https:\/\/diariodominicano.com\/index.php?rest_route=\/wp\/v2\/posts"}],"about":[{"href":"https:\/\/diariodominicano.com\/index.php?rest_route=\/wp\/v2\/types\/post"}],"author":[{"embeddable":true,"href":"https:\/\/diariodominicano.com\/index.php?rest_route=\/wp\/v2\/users\/28"}],"replies":[{"embeddable":true,"href":"https:\/\/diariodominicano.com\/index.php?rest_route=%2Fwp%2Fv2%2Fcomments&post=451894"}],"version-history":[{"count":3,"href":"https:\/\/diariodominicano.com\/index.php?rest_route=\/wp\/v2\/posts\/451894\/revisions"}],"predecessor-version":[{"id":451903,"href":"https:\/\/diariodominicano.com\/index.php?rest_route=\/wp\/v2\/posts\/451894\/revisions\/451903"}],"wp:featuredmedia":[{"embeddable":true,"href":"https:\/\/diariodominicano.com\/index.php?rest_route=\/wp\/v2\/media\/451899"}],"wp:attachment":[{"href":"https:\/\/diariodominicano.com\/index.php?rest_route=%2Fwp%2Fv2%2Fmedia&parent=451894"}],"wp:term":[{"taxonomy":"category","embeddable":true,"href":"https:\/\/diariodominicano.com\/index.php?rest_route=%2Fwp%2Fv2%2Fcategories&post=451894"},{"taxonomy":"post_tag","embeddable":true,"href":"https:\/\/diariodominicano.com\/index.php?rest_route=%2Fwp%2Fv2%2Ftags&post=451894"}],"curies":[{"name":"wp","href":"https:\/\/api.w.org\/{rel}","templated":true}]}}