{"id":45181,"date":"2019-03-18T07:02:02","date_gmt":"2019-03-18T07:02:02","guid":{"rendered":"http:\/\/diariodominicano.ddns.net\/?p=45181"},"modified":"2019-03-18T07:02:02","modified_gmt":"2019-03-18T07:02:02","slug":"se-puede-votar-dos-vecesen-primarias","status":"publish","type":"post","link":"https:\/\/diariodominicano.com\/?p=45181","title":{"rendered":"\u00bfSE PUEDE VOTAR DOS VECES&#13;EN PRIMARIAS?"},"content":{"rendered":"<p><body><\/p>\n<\/p>\n<p><strong>FRANKLIN ALMEYDA RANCIER<\/strong><\/p>\n<\/p>\n<p>Los controles electr\u00f3nicos podr\u00edan no ser suficientes para impedir que, en las primarias simult\u00e1neas a ser celebradas el primer domingo de octubre, se vote dos veces. <\/p>\n<\/p>\n<p>Aceptar que los afiliados de un partido que escogi\u00f3 primarias cerradas puedan votar, adem\u00e1s de por su partido, en las primarias abiertas porque son con el padr\u00f3n universal, se estar\u00eda autorizando la doble votaci\u00f3n. En todo caso, se debe precisar que se vota una vez, o en las abiertas o en las cerradas; la simultaneidad de las primarias, es para evitar doble votaci\u00f3n.<\/p>\n<\/p>\n<p>La JCE debe garantizar una sola votaci\u00f3n, si dispone de los controles electr\u00f3nicos, avalados por reglamentaciones.<\/p>\n<\/p>\n<p>Se sabe que el PRM ha optado por primarias cerradas, la escogi\u00f3 as\u00ed para que s\u00f3lo sus afiliados decidan sus candidaturas, por lo que habr\u00eda de preguntarse si estar\u00edan de acuerdo con que esos controles no se apliquen para sus afiliados y puedan votar libremente, en la abierta o en la cerrada. Vale preguntarse \u00bfpara qu\u00e9 van con padr\u00f3n cerrado, si la JCE se lo abre?<\/p>\n<\/p>\n<p>A las organizaciones pol\u00edticas que van con padr\u00f3n abierto poco les importar\u00eda que todos los electores voten en sus primarias abiertas, siempre que se garantice que no habr\u00e1 doble votaci\u00f3n; es decir, que los afiliados del PRM no voten en las abiertas si antes lo han hecho por el PRM (quien escogi\u00f3 padr\u00f3n cerrado).<\/p>\n<\/p>\n<p>Luego, poco importa, para el partido que va con padr\u00f3n abierto, de que todos los electores del padr\u00f3n universal puedan votar en sus primarias si se garantiza que no habr\u00e1 doble votaci\u00f3n; es decir, que no hayan votado o no lo puedan hacer por el partido que va con padr\u00f3n cerrado. Lo \u00fanico que le puede importar es que no haya doble votaci\u00f3n por un mismo elector.<\/p>\n<\/p>\n<p>Es obvio que la JCE, si garantiza el sufragio una sola vez no hay mayores dificultades. No es garant\u00eda que la norma sea una declaraci\u00f3n del Presidente de la JCE y menos descalificando diciendo que \u00abes una fantas\u00eda\u00bb la doble  votaci\u00f3n. Debe cerrar esa posibilidad con una norma jur\u00eddica dicha en un reglamento, asegur\u00e1ndolo por medios electr\u00f3nicos.<\/p>\n<\/p>\n<p>Aunque el tema se complica con el resto de los partidos que escogieron otras modalidades para seleccionar sus candidatos. La Ley de Partidos las enumera con asambleas de delegados, convenciones, etc.; \u00e9stos partidos aplicar\u00e1n la modalidad escogida \u00aba m\u00e1s tardar\u00bb el \u00faltimo domingo de octubre.<\/p>\n<\/p>\n<p>Como se sabe, los partidos que escogieron primarias abiertas y cerradas simult\u00e1neas, las celebran por disposici\u00f3n de la Ley a m\u00e1s tardar el primer domingo de octubre y el resto, los que escogieron otras modalidades, a m\u00e1s tardar el \u00faltimo domingo de ese mes.<\/p>\n<\/p>\n<p>\u00bfPueden los afiliados de los partidos que escogieron modalidades diferentes  a las primarias, ir a votar en ellas? \u00bfPueden luego hacerlo por representaci\u00f3n o delegaci\u00f3n ( voto indirecto) en las convenciones, asambleas de delegados? \u00bfNo est\u00e1n votando dos veces, una vez voto directo y la otra por representaci\u00f3n o indirecto?<\/p>\n<\/p>\n<p>La preocupaci\u00f3n no es de si las primarias ser\u00e1n abiertas, semiabiertas o cerradas. Se trata de que la JCE garantice que no habr\u00e1 doble votaci\u00f3n; ni con el voto directo, ni con la combinaci\u00f3n de \u00e9ste con el voto indirecto por delegaci\u00f3n.<\/p>\n<\/p>\n<p>Se tranquiliza con disposiciones reglamentarias garantizando que no habr\u00e1 doble votaci\u00f3n.<\/p>\n<\/p>\n<p><strong>El autor es miembro del CP del PLD, ex Ministro de Interior y ex Rector de la UASD.<\/strong><\/p>\n<\/p>\n<h6> 2019-03-18 07:02:02 <\/h6>\n<p><!--\n<link rel=\"stylesheet\" href=\"css\/bootstrap.min.css\">\n\n\n<ul class=\"pagination\">\n\t    \n\t\n\n<li >\n\t<a href='?page_no=791'>Previous<\/a>\n\t<\/li>\n\n\n       \n    \n\n<li><a href='?page_no=1'>1<\/a><\/li>\n\n\n\n<li><a href='?page_no=2'>2<\/a><\/li>\n\n\n\n<li><a>...<\/a><\/li>\n\n\n\n<li><a href='?page_no=790'>790<\/a><\/li>\n\n\n\n<li><a href='?page_no=791'>791<\/a><\/li>\n\n\n\n<li class='active'><a>792<\/a><\/li>\n\n\n\n<li><a href='?page_no=793'>793<\/a><\/li>\n\n\n\n<li><a href='?page_no=794'>794<\/a><\/li>\n\n\n\n<li><a>...<\/a><\/li>\n\n\n\n<li><a href='?page_no=13611'>13611<\/a><\/li>\n\n\n\n<li><a href='?page_no=13612'>13612<\/a><\/li>\n\n    \n\t\n\n<li >\n\t<a href='?page_no=793'>Next<\/a>\n\t<\/li>\n\n\n    \n\n<li><a href='?page_no=13612'>Last &rsaquo;&rsaquo;<\/a><\/li>\n\n<\/ul>\n\n\n--><br \/>\n<\/body><\/p>\n","protected":false},"excerpt":{"rendered":"<p>FRANKLIN ALMEYDA RANCIER Los controles electr\u00f3nicos podr\u00edan no ser suficientes para impedir que, en las primarias simult\u00e1neas a ser celebradas el primer domingo de octubre, se vote dos veces. Aceptar que los afiliados de un partido que escogi\u00f3 primarias cerradas puedan votar, adem\u00e1s de por su partido, en las primarias abiertas porque son con el [&hellip;]<\/p>\n","protected":false},"author":3,"featured_media":0,"comment_status":"open","ping_status":"open","sticky":false,"template":"","format":"standard","meta":{"footnotes":""},"categories":[16],"tags":[],"class_list":["post-45181","post","type-post","status-publish","format-standard","hentry","category-opiniones"],"_links":{"self":[{"href":"https:\/\/diariodominicano.com\/index.php?rest_route=\/wp\/v2\/posts\/45181","targetHints":{"allow":["GET"]}}],"collection":[{"href":"https:\/\/diariodominicano.com\/index.php?rest_route=\/wp\/v2\/posts"}],"about":[{"href":"https:\/\/diariodominicano.com\/index.php?rest_route=\/wp\/v2\/types\/post"}],"author":[{"embeddable":true,"href":"https:\/\/diariodominicano.com\/index.php?rest_route=\/wp\/v2\/users\/3"}],"replies":[{"embeddable":true,"href":"https:\/\/diariodominicano.com\/index.php?rest_route=%2Fwp%2Fv2%2Fcomments&post=45181"}],"version-history":[{"count":0,"href":"https:\/\/diariodominicano.com\/index.php?rest_route=\/wp\/v2\/posts\/45181\/revisions"}],"wp:attachment":[{"href":"https:\/\/diariodominicano.com\/index.php?rest_route=%2Fwp%2Fv2%2Fmedia&parent=45181"}],"wp:term":[{"taxonomy":"category","embeddable":true,"href":"https:\/\/diariodominicano.com\/index.php?rest_route=%2Fwp%2Fv2%2Fcategories&post=45181"},{"taxonomy":"post_tag","embeddable":true,"href":"https:\/\/diariodominicano.com\/index.php?rest_route=%2Fwp%2Fv2%2Ftags&post=45181"}],"curies":[{"name":"wp","href":"https:\/\/api.w.org\/{rel}","templated":true}]}}