{"id":45158,"date":"2020-09-11T00:05:39","date_gmt":"2020-09-11T00:05:39","guid":{"rendered":"http:\/\/diariodominicano.ddns.net\/?p=45158"},"modified":"2020-09-11T00:05:39","modified_gmt":"2020-09-11T00:05:39","slug":"la-revolucion-de-pedro-botello","status":"publish","type":"post","link":"https:\/\/diariodominicano.com\/?p=45158","title":{"rendered":"&#13;&#13;La revoluci\u00f3n de Pedro Botello"},"content":{"rendered":"<p><body><\/p>\n<p>VISI\u00d3N GLOBAL<\/p>\n<\/p>\n<p>La revoluci\u00f3n de Pedro Botello  <\/p>\n<p>Por Nelson Encarnaci\u00f3n <\/p>\n<\/p>\n<p>El diputado Pedro Botello sigue convencido de que est\u00e1 destinado a convertirse en el redentor de los trabajadores dominicanos, mediante una conquista que le elevar\u00e1 a la condici\u00f3n de pr\u00f3cer de sus derechos a recibir un adelanto de las pensiones acumuladas. <\/p>\n<\/p>\n<p>Por ese pensar?m\u00e1s bien una convicci\u00f3n?el legislador reformista no s\u00f3lo arriesga su salud sino que expone la de cientos m\u00e1s que le siguen en las movilizaciones que encabeza por distintos puntos de nuestra geograf\u00eda.<\/p>\n<\/p>\n<p>Talvez eso no sea relevante para Botello, pues \u00e9l mismo inform\u00f3 que se hab\u00eda contagiado, no una ni dos sino tres veces de COVID-19 y hab\u00eda podido superar la enfermedad sin mayores contratiempos, lo que le convierte en un elemento importante para la ciencia m\u00e9dica que ha perdido un tiempo precioso sin investigar la fortaleza inmune de ese ind\u00f3mito organismo. <\/p>\n<\/p>\n<p>Lo que no sabemos es si las decenas o cientos de personas que el legislador moviliza por distintos puntos del pa\u00eds puedan correr la misma suerte de contagiarse y curarse sin consecuencias. <\/p>\n<\/p>\n<p>Y es ah\u00ed donde el asunto debe preocupar a las autoridades que est\u00e1n en la obligaci\u00f3n de proteger la salud de esas personas expuestas por el congresista a un riesgo inminente, y sin mayor p\u00e9rdida de tiempo deben tomar las medidas necesarias para que esas manifestaciones sin sentido sean detenidas, respetando los derechos a la movilizaci\u00f3n, libre tr\u00e1nsito, reuni\u00f3n y otras prerrogativas que les garantiza la Constituci\u00f3n de la Rep\u00fablica. <\/p>\n<\/p>\n<p>El escenario de reclamo de la devoluci\u00f3n de un porcentaje de los fondos de pensiones est\u00e1 en el Congreso donde Botello tiene un asiento, no en las calles comprometiendo a otros en esas concentraciones que ha montado en varias ciudades en las \u00faltimas semanas.<\/p>\n<\/p>\n<p>En un momento el locuaz representante de La Romana cay\u00f3 en una trampa de sus colegas del PLD que necesitaban la urgente aprobaci\u00f3n de una nueva pr\u00f3rroga del estado de emergencia que quer\u00edan el Ejecutivo, y a cambio le aprobaron el proyecto de las pensiones en primera lectura. Es decir, nada.<\/p>\n<\/p>\n<p>O sea, que Botello cay\u00f3 en la ilusi\u00f3n \u00f3ptica de la papeleta en el espejo: no supo cu\u00e1l era la real y trat\u00f3 de hacerse con la proyectada en el cristal. O algo as\u00ed como el bizco, las ventanas y los toros en el conocido cuento del profesor Juan Bosch.<\/p>\n<\/p>\n<p>El proyecto de las devoluciones est\u00e1 en el Senado, donde cambiaron los actores pero no la coyuntura. Esto significa que la cruzada de Botello, llena de buenas intenciones, carece de viabilidad.<\/p>\n<\/p>\n<p>Ante esta realidad, es pertinente aconsejar al legislador que desista de exponer la salud de quienes se movilizan con \u00e9l, y las autoridades tomar cartas.<\/p>\n<\/p>\n<p>nelsonencar10@gmail.com<\/p>\n<\/p>\n<p>Zona de los archivos adjuntos<\/p>\n<h6> 2020-09-11 00:05:39 <\/h6>\n<p><!--\n<link rel=\"stylesheet\" href=\"css\/bootstrap.min.css\">\n\n\n<ul class=\"pagination\">\n\t    \n\t\n\n<li >\n\t<a href='?page_no=78'>Previous<\/a>\n\t<\/li>\n\n\n       \n    \n\n<li><a href='?page_no=1'>1<\/a><\/li>\n\n\n\n<li><a href='?page_no=2'>2<\/a><\/li>\n\n\n\n<li><a>...<\/a><\/li>\n\n\n\n<li><a href='?page_no=77'>77<\/a><\/li>\n\n\n\n<li><a href='?page_no=78'>78<\/a><\/li>\n\n\n\n<li class='active'><a>79<\/a><\/li>\n\n\n\n<li><a href='?page_no=80'>80<\/a><\/li>\n\n\n\n<li><a href='?page_no=81'>81<\/a><\/li>\n\n\n\n<li><a>...<\/a><\/li>\n\n\n\n<li><a href='?page_no=13611'>13611<\/a><\/li>\n\n\n\n<li><a href='?page_no=13612'>13612<\/a><\/li>\n\n    \n\t\n\n<li >\n\t<a href='?page_no=80'>Next<\/a>\n\t<\/li>\n\n\n    \n\n<li><a href='?page_no=13612'>Last &rsaquo;&rsaquo;<\/a><\/li>\n\n<\/ul>\n\n\n--><br \/>\n<\/body><\/p>\n","protected":false},"excerpt":{"rendered":"<p>VISI\u00d3N GLOBAL La revoluci\u00f3n de Pedro Botello Por Nelson Encarnaci\u00f3n El diputado Pedro Botello sigue convencido de que est\u00e1 destinado a convertirse en el redentor de los trabajadores dominicanos, mediante una conquista que le elevar\u00e1 a la condici\u00f3n de pr\u00f3cer de sus derechos a recibir un adelanto de las pensiones acumuladas. Por ese pensar?m\u00e1s bien [&hellip;]<\/p>\n","protected":false},"author":3,"featured_media":0,"comment_status":"open","ping_status":"open","sticky":false,"template":"","format":"standard","meta":{"footnotes":""},"categories":[16],"tags":[],"class_list":["post-45158","post","type-post","status-publish","format-standard","hentry","category-opiniones"],"_links":{"self":[{"href":"https:\/\/diariodominicano.com\/index.php?rest_route=\/wp\/v2\/posts\/45158","targetHints":{"allow":["GET"]}}],"collection":[{"href":"https:\/\/diariodominicano.com\/index.php?rest_route=\/wp\/v2\/posts"}],"about":[{"href":"https:\/\/diariodominicano.com\/index.php?rest_route=\/wp\/v2\/types\/post"}],"author":[{"embeddable":true,"href":"https:\/\/diariodominicano.com\/index.php?rest_route=\/wp\/v2\/users\/3"}],"replies":[{"embeddable":true,"href":"https:\/\/diariodominicano.com\/index.php?rest_route=%2Fwp%2Fv2%2Fcomments&post=45158"}],"version-history":[{"count":0,"href":"https:\/\/diariodominicano.com\/index.php?rest_route=\/wp\/v2\/posts\/45158\/revisions"}],"wp:attachment":[{"href":"https:\/\/diariodominicano.com\/index.php?rest_route=%2Fwp%2Fv2%2Fmedia&parent=45158"}],"wp:term":[{"taxonomy":"category","embeddable":true,"href":"https:\/\/diariodominicano.com\/index.php?rest_route=%2Fwp%2Fv2%2Fcategories&post=45158"},{"taxonomy":"post_tag","embeddable":true,"href":"https:\/\/diariodominicano.com\/index.php?rest_route=%2Fwp%2Fv2%2Ftags&post=45158"}],"curies":[{"name":"wp","href":"https:\/\/api.w.org\/{rel}","templated":true}]}}