{"id":451375,"date":"2023-07-01T12:40:33","date_gmt":"2023-07-01T16:40:33","guid":{"rendered":"http:\/\/diariodominicano.com\/?p=451375"},"modified":"2023-07-01T12:40:43","modified_gmt":"2023-07-01T16:40:43","slug":"mas-de-500-privados-de-libertad-adultos-reciben-pruebas-nacionales-dgspc","status":"publish","type":"post","link":"https:\/\/diariodominicano.com\/?p=451375","title":{"rendered":"M\u00e1s de 500 privados de libertad adultos reciben pruebas nacionales: DGSPC"},"content":{"rendered":"\n<p>SANTO DOMINGO (Rep\u00fablica Dominicana).- La Direcci\u00f3n General de Servicios Penitenciarios y Correccionales (DGSPC), con el apoyo del Ministerio de Educaci\u00f3n (Minerd), inici\u00f3 la jornada de evaluaci\u00f3n de pruebas nacionales 2023 para personas privadas de libertad de diferentes Centros de Correcci\u00f3n y Rehabilitaci\u00f3n (CCR) a nivel nacional.&nbsp;<\/p>\n\n\n\n<p>El proceso de evaluaci\u00f3n inici\u00f3 con la participaci\u00f3n de un total de 512 privados de libertad adultos que tomaron las pruebas nacionales en las asignaturas de Lengua Espa\u00f1ola y Ciencias Naturales, con la evaluaci\u00f3n del tercer ciclo con 308, y del 6to. de bachillerato, con 204 internos.&nbsp;<\/p>\n\n\n\n<figure class=\"wp-block-image size-large\"><img loading=\"lazy\" decoding=\"async\" width=\"768\" height=\"1024\" src=\"https:\/\/diariodominicano.com\/wp-content\/uploads\/2023\/07\/IMG-20230701-WA0007-768x1024.jpg\" alt=\"\" class=\"wp-image-451377\" srcset=\"https:\/\/diariodominicano.com\/wp-content\/uploads\/2023\/07\/IMG-20230701-WA0007-768x1024.jpg 768w, https:\/\/diariodominicano.com\/wp-content\/uploads\/2023\/07\/IMG-20230701-WA0007-225x300.jpg 225w, https:\/\/diariodominicano.com\/wp-content\/uploads\/2023\/07\/IMG-20230701-WA0007-816x1088.jpg 816w, https:\/\/diariodominicano.com\/wp-content\/uploads\/2023\/07\/IMG-20230701-WA0007.jpg 960w\" sizes=\"auto, (max-width: 768px) 100vw, 768px\" \/><\/figure>\n\n\n\n<p>Los privados de libertad que est\u00e1n recibiendo las pruebas nacionales se encuentran recluidos en los recintos de San Felipe, Puerto Plata; Najayo Mujeres, Najayo Hombres y Sabana Toro, en San Crist\u00f3bal; Dajab\u00f3n, Rafey Mujeres, Rafey Hombres y Licey Al Medio, en Santiago; El\u00edas Pi\u00f1a,&nbsp; Mao, Valverde; Monte Plata, Vista al Valle, en San Francisco de Macor\u00eds, provincia Duarte; San Pedro de Macor\u00eds, La Isleta, de Moca, en Espaillat; Bani Mujeres y Ban\u00ed Hombres, en Peravia; Anamuya e Hig\u00fcey Mujeres, en la provincia La Altagracia; La Romana, El Pinito y el Centro de Privaci\u00f3n de Libertad (CPL) de La Vega; recinto Para Militares, Montecristi, Salcedo, en Hermanas Mirabal; La Victoria, y&nbsp;en Neyba, Bahoruco. El centro de San Pedro de Macor\u00eds fue el CCR con m\u00e1s participantes en las pruebas, con 59 internos.&nbsp;&nbsp;<\/p>\n\n\n\n<p>Como parte del plan de rehabilitaci\u00f3n que implementa la Direcci\u00f3n General de Servicios Penitenciarios y Correccionales, los privados de libertad reciben diferentes programas educativos, que incluyen educaci\u00f3n b\u00e1sica y media, as\u00ed como carreras universitarias impartidas por diferentes instituciones educativas del pa\u00eds en los centros penitenciarios, destaca un comunicado de prensa mediante el cual se ofreci\u00f3 la informaci\u00f3n.&nbsp;<\/p>\n\n\n\n<p><strong>Direcci\u00f3n General de Comunicaci\u00f3n, Prensa, y RRPP<\/strong><\/p>\n\n\n\n<p>Ministerio P\u00fablico.&nbsp;R.D.<\/p>\n\n\n\n<p>S\u00e1bado, 1 de julio de 2023.<\/p>\n","protected":false},"excerpt":{"rendered":"<p>SANTO DOMINGO (Rep\u00fablica Dominicana).- La Direcci\u00f3n General de Servicios Penitenciarios y Correccionales (DGSPC), con el apoyo del Ministerio de Educaci\u00f3n (Minerd), inici\u00f3 la jornada de evaluaci\u00f3n de pruebas nacionales 2023 para personas privadas de libertad de diferentes Centros de Correcci\u00f3n y Rehabilitaci\u00f3n (CCR) a nivel nacional.&nbsp; El proceso de evaluaci\u00f3n inici\u00f3 con la participaci\u00f3n de [&hellip;]<\/p>\n","protected":false},"author":28,"featured_media":451376,"comment_status":"closed","ping_status":"","sticky":false,"template":"","format":"standard","meta":{"footnotes":""},"categories":[24,29],"tags":[],"class_list":["post-451375","post","type-post","status-publish","format-standard","has-post-thumbnail","hentry","category-justicia-y-derecho","category-policiasucesos"],"_links":{"self":[{"href":"https:\/\/diariodominicano.com\/index.php?rest_route=\/wp\/v2\/posts\/451375","targetHints":{"allow":["GET"]}}],"collection":[{"href":"https:\/\/diariodominicano.com\/index.php?rest_route=\/wp\/v2\/posts"}],"about":[{"href":"https:\/\/diariodominicano.com\/index.php?rest_route=\/wp\/v2\/types\/post"}],"author":[{"embeddable":true,"href":"https:\/\/diariodominicano.com\/index.php?rest_route=\/wp\/v2\/users\/28"}],"replies":[{"embeddable":true,"href":"https:\/\/diariodominicano.com\/index.php?rest_route=%2Fwp%2Fv2%2Fcomments&post=451375"}],"version-history":[{"count":2,"href":"https:\/\/diariodominicano.com\/index.php?rest_route=\/wp\/v2\/posts\/451375\/revisions"}],"predecessor-version":[{"id":451379,"href":"https:\/\/diariodominicano.com\/index.php?rest_route=\/wp\/v2\/posts\/451375\/revisions\/451379"}],"wp:featuredmedia":[{"embeddable":true,"href":"https:\/\/diariodominicano.com\/index.php?rest_route=\/wp\/v2\/media\/451376"}],"wp:attachment":[{"href":"https:\/\/diariodominicano.com\/index.php?rest_route=%2Fwp%2Fv2%2Fmedia&parent=451375"}],"wp:term":[{"taxonomy":"category","embeddable":true,"href":"https:\/\/diariodominicano.com\/index.php?rest_route=%2Fwp%2Fv2%2Fcategories&post=451375"},{"taxonomy":"post_tag","embeddable":true,"href":"https:\/\/diariodominicano.com\/index.php?rest_route=%2Fwp%2Fv2%2Ftags&post=451375"}],"curies":[{"name":"wp","href":"https:\/\/api.w.org\/{rel}","templated":true}]}}