{"id":451313,"date":"2023-07-01T08:41:40","date_gmt":"2023-07-01T12:41:40","guid":{"rendered":"http:\/\/diariodominicano.com\/?p=451313"},"modified":"2023-07-01T09:25:34","modified_gmt":"2023-07-01T13:25:34","slug":"arranca-este-sabado-1-de-julio-torneo-de-baloncesto-provincial-u14","status":"publish","type":"post","link":"https:\/\/diariodominicano.com\/?p=451313","title":{"rendered":"Arranca este s\u00e1bado 1 de julio torneo de baloncesto provincial U14"},"content":{"rendered":"\n<p> Delegados de los equipos afiliados&nbsp; participantes&nbsp; en el congresillo<br>t\u00e9cnico del torneo U14 provincial. <\/p>\n\n\n\n<p>Con la participaci\u00f3n de 15 equipos ser\u00e1 iniciado este s\u00e1bado 1 de<br>julio el torneo de baloncesto U14 bajo la organizaci\u00f3n de la<br>Asociaci\u00f3n de Baloncesto de la provincia Duarte.<\/p>\n\n\n\n<p><br>La justa est\u00e1 pautada arrancar a las nueve de la ma\u00f1ana en el<br>polideportivo Ra\u00fal Duran del club San Mart\u00edn de Porres del sector Rabo<br>de Chivo.<\/p>\n\n\n\n<p><br>El presidente de la Asociaci\u00f3n de basket provincial ingeniero Oscar<br>Garc\u00eda resalt\u00f3 que existe mucho entusiasmo para el inicio del esperado<br>evento deportivo.<\/p>\n\n\n\n<p><br>Explic\u00f3 que la justa ser\u00e1 dedicada merecidamente al propulsor<br>deportivo del sector Los Rieles profesor Alexis Marin Cruz por su<br>loable labor en favor de la ni\u00f1ez de esa barriada.<\/p>\n\n\n\n<p><br>\u201cEn Alexis Cruz tenemos un joven valioso que por d\u00e9cadas ha venido<br>realizando un formidable trabajo con la ni\u00f1ez del populoso sector Los<br>Rieles.<\/p>\n\n\n\n<p><br>Inform\u00f3 que en la jornada inaugural ser\u00e1 reconocido el connotado<br>deportista por una comitiva de la Abaprodu por su gran trabajo en<br>favor de las categor\u00edas formativa en el club Guerrero de los Rieles.<br>Manifest\u00f3 que la comisi\u00f3n t\u00e9cnica estar\u00e1 conformada por Ariel N\u00fa\u00f1ez,<br>Virgilio V\u00e1squez, Danilo Monegro y Pedro Reyes.<\/p>\n\n\n\n<p><br>Sostuvo que en la justa estar\u00e1n interviniendo quince equipos<br>masculinos y cuatro equipos femeninos de los diferentes clubes y ligas<br>afiliada a la entidad.<\/p>\n\n\n\n<p><br>\u201cEs un evento que para la Abaprodu es de mucha importancia porque en<br>esa categor\u00eda descansa el futuro del baloncesto francomacorisano\u201d<br>concluy\u00f3 diciendo Garc\u00eda.<\/p>\n\n\n\n<p>Tony Reyes<a target=\"_blank\" href=\"mailto:tonyreyes1966@gmail.com\" rel=\"noreferrer noopener\">tonyreyes1966@gmail.com<\/a><\/p>\n\n\n\n<p><br><\/p>\n","protected":false},"excerpt":{"rendered":"<p>Delegados de los equipos afiliados&nbsp; participantes&nbsp; en el congresillot\u00e9cnico del torneo U14 provincial. Con la participaci\u00f3n de 15 equipos ser\u00e1 iniciado este s\u00e1bado 1 dejulio el torneo de baloncesto U14 bajo la organizaci\u00f3n de laAsociaci\u00f3n de Baloncesto de la provincia Duarte. La justa est\u00e1 pautada arrancar a las nueve de la ma\u00f1ana en elpolideportivo Ra\u00fal [&hellip;]<\/p>\n","protected":false},"author":28,"featured_media":451314,"comment_status":"closed","ping_status":"","sticky":true,"template":"","format":"standard","meta":{"footnotes":""},"categories":[17,27,32],"tags":[],"class_list":["post-451313","post","type-post","status-publish","format-standard","has-post-thumbnail","hentry","category-deportes","category-portada","category-turismo"],"_links":{"self":[{"href":"https:\/\/diariodominicano.com\/index.php?rest_route=\/wp\/v2\/posts\/451313","targetHints":{"allow":["GET"]}}],"collection":[{"href":"https:\/\/diariodominicano.com\/index.php?rest_route=\/wp\/v2\/posts"}],"about":[{"href":"https:\/\/diariodominicano.com\/index.php?rest_route=\/wp\/v2\/types\/post"}],"author":[{"embeddable":true,"href":"https:\/\/diariodominicano.com\/index.php?rest_route=\/wp\/v2\/users\/28"}],"replies":[{"embeddable":true,"href":"https:\/\/diariodominicano.com\/index.php?rest_route=%2Fwp%2Fv2%2Fcomments&post=451313"}],"version-history":[{"count":2,"href":"https:\/\/diariodominicano.com\/index.php?rest_route=\/wp\/v2\/posts\/451313\/revisions"}],"predecessor-version":[{"id":451338,"href":"https:\/\/diariodominicano.com\/index.php?rest_route=\/wp\/v2\/posts\/451313\/revisions\/451338"}],"wp:featuredmedia":[{"embeddable":true,"href":"https:\/\/diariodominicano.com\/index.php?rest_route=\/wp\/v2\/media\/451314"}],"wp:attachment":[{"href":"https:\/\/diariodominicano.com\/index.php?rest_route=%2Fwp%2Fv2%2Fmedia&parent=451313"}],"wp:term":[{"taxonomy":"category","embeddable":true,"href":"https:\/\/diariodominicano.com\/index.php?rest_route=%2Fwp%2Fv2%2Fcategories&post=451313"},{"taxonomy":"post_tag","embeddable":true,"href":"https:\/\/diariodominicano.com\/index.php?rest_route=%2Fwp%2Fv2%2Ftags&post=451313"}],"curies":[{"name":"wp","href":"https:\/\/api.w.org\/{rel}","templated":true}]}}