{"id":451183,"date":"2023-06-30T17:20:26","date_gmt":"2023-06-30T21:20:26","guid":{"rendered":"http:\/\/diariodominicano.com\/?p=451183"},"modified":"2023-06-30T17:20:26","modified_gmt":"2023-06-30T21:20:26","slug":"rolando-gonzalez-bunster-cepm-garantiza-la-estabilidad-y-seguridad-necesaria-para-una-transicion-energetica-sostenible","status":"publish","type":"post","link":"https:\/\/diariodominicano.com\/?p=451183","title":{"rendered":"Rolando Gonz\u00e1lez Bunster: \u201cCEPM garantiza la estabilidad y seguridad necesaria para una transici\u00f3n energ\u00e9tica sostenible\u201d"},"content":{"rendered":"\n<p> Rolando Gonz\u00e1lez Bunster, presidente y CEO de InterEnergy Group.<\/p>\n\n\n\n<p><strong><em>Durante su participaci\u00f3n en el Mercado Energy Summit, el presidente y CEO de InterEnergy Group, comparti\u00f3 la experiencia de este grupo energ\u00e9tico l\u00edder en la regi\u00f3n en la ruta hacia la descarbonizaci\u00f3n antes de 2030, subrayando como clave la combinaci\u00f3n de energ\u00edas limpias para una transici\u00f3n energ\u00e9tica sostenible.<\/em><\/strong><\/p>\n\n\n\n<p><strong><em>Como parte de su programa CEPM Zero, esta empresa convertir\u00e1 a la zona este del pa\u00eds en el primer destino tur\u00edstico cero emisiones, movilizado con veh\u00edculos el\u00e9ctricos y energ\u00eda 100% limpia, proveniente de energ\u00eda solar, e\u00f3lica,&nbsp;hidr\u00e1ulica de bombeo&nbsp;e hidr\u00f3geno verde.<\/em><\/strong><\/p>\n\n\n\n<p><strong>Santo Domingo, 29 de junio de 2023.<\/strong> En la ruta hacia las cero emisiones, la clave para garantizar la estabilidad del sistema y un servicio energ\u00e9tico continuo y de calidad es la combinaci\u00f3n de diferentes energ\u00edas y una infraestructura s\u00f3lida de almacenamiento. As\u00ed lo expuso Rolando Gonz\u00e1lez Bunster, presidente y CEO de InterEnergy Group, durante su participaci\u00f3n en el Mercado Energy Summit, organizado por Revista Mercado.<\/p>\n\n\n\n<p><em>Desde el tema central que articul\u00f3 su intervenci\u00f3n, <\/em>\u201cLiderando el cambio hacia las cero emisiones\u201d, Gonz\u00e1lez Bunster subray\u00f3: <em>\u201cNuestro plan es cambiar el petr\u00f3leo por gas y dirigirse con paso sostenido hacia las renovables. La clave es la combinaci\u00f3n perfecta para garantizar la transici\u00f3n energ\u00e9tica a la que aspira el mundo<\/em>\u201d.<\/p>\n\n\n\n<p>El camino de este grupo energ\u00e9tico l\u00edder, en sus m\u00e1s de treinta a\u00f1os de historia en el pa\u00eds, ha estado orientado hacia la generaci\u00f3n de un futuro cada vez m\u00e1s limpio; y ese norte, cada vez m\u00e1s pr\u00f3ximo, tiene un nombre: CEPM Zero.&nbsp;<\/p>\n\n\n\n<p>Fue durante la Conferencia de las Naciones Unidas sobre el Cambio Clim\u00e1tico (COP 26), celebrada en Glasgow, en 2021, cuando el presidente de InterEnergy Group anunci\u00f3 el plan de convertir a CEPM en una empresa 100% renovable antes de 2030, bajo la iniciativa CEPM Zero. \u201c<em>Cuando hice este anuncio no me di cuenta de la complejidad y magnitud de este proyecto &#8211; confes\u00f3 Gonz\u00e1lez Bunster &#8211; pero este compromiso ya es una realidad, y vamos a instalar 700 MW de energ\u00eda renovable en la zona de concesi\u00f3n de CEPM y otros 100 fuera de esta \u00e1rea\u201d.&nbsp;<\/em><\/p>\n\n\n\n<p>El desaf\u00edo en este camino, tal y como indic\u00f3 el empresario, es superar la intermitencia de las energ\u00edas renovables, cuando el recurso natural, sea el viento, el agua o el sol, no est\u00e9n disponibles, para lo cual es necesario crear una infraestructura de almacenamiento \u201clo suficientemente confiable y robusta\u201d para garantizar la estabilidad del sistema.<em> \u201cY eso requiere de inversi\u00f3n. El que piense que la energ\u00eda renovable es barata tiene que considerar que para que sea confiable debe tener muchos aditivos\u201d, <\/em>record\u00f3 el presidente de InterEnergy Group.<\/p>\n\n\n\n<p><em>\u201cLa energ\u00eda renovable representa en kW instalados un porcentaje importante de la generaci\u00f3n del pa\u00eds, pero no en kW producidos, por lo que hay que tener en cuenta c\u00f3mo suplementar a la energ\u00eda renovable con suficientes bater\u00edas para que esa energ\u00eda opere la mayor cantidad de horas por d\u00eda\u201d, <\/em>complet\u00f3.<\/p>\n\n\n\n<figure class=\"wp-block-image size-full\"><img loading=\"lazy\" decoding=\"async\" width=\"779\" height=\"678\" src=\"https:\/\/diariodominicano.com\/wp-content\/uploads\/2023\/06\/Rolando-Gonzalez-Bunster-durante-su-intervencion-en-el-Mercado-Energy.jpeg\" alt=\"\" class=\"wp-image-451188\" srcset=\"https:\/\/diariodominicano.com\/wp-content\/uploads\/2023\/06\/Rolando-Gonzalez-Bunster-durante-su-intervencion-en-el-Mercado-Energy.jpeg 779w, https:\/\/diariodominicano.com\/wp-content\/uploads\/2023\/06\/Rolando-Gonzalez-Bunster-durante-su-intervencion-en-el-Mercado-Energy-300x261.jpeg 300w, https:\/\/diariodominicano.com\/wp-content\/uploads\/2023\/06\/Rolando-Gonzalez-Bunster-durante-su-intervencion-en-el-Mercado-Energy-768x668.jpeg 768w\" sizes=\"auto, (max-width: 779px) 100vw, 779px\" \/><figcaption>  Rolando Gonz\u00e1lez Bunster, presidente y CEO de InterEnergy Group. <\/figcaption><\/figure>\n\n\n\n<p><strong>Acelerando un futuro cero emisiones<\/strong><\/p>\n\n\n\n<p>En este sentido, CEPM, como sistema aislado, puede garantizar este equilibrio, determinando la combinaci\u00f3n e inversi\u00f3n necesaria para conseguir este objetivo. <em>\u201cQueremos hacer de la zona tur\u00edstica del este un destino cero emisiones, desde Casa de Campo a Miches, donde el turista pueda desplazarse con autos el\u00e9ctricos, cargarlos con energ\u00eda solar, trasladarse a Isla Saona en el primer catamar\u00e1n el\u00e9ctrico del pa\u00eds\u2026 Esa es nuestra ruta\u201d, <\/em>explic\u00f3 Gonz\u00e1lez Bunster.<\/p>\n\n\n\n<p>Desde esta visi\u00f3n, Saona cuenta desde el pasado mes de diciembre con una planta fotovoltaica que provee energ\u00eda limpia a los m\u00e1s de 600 habitantes de esta isla por primera vez en su historia, desde un modelo de sostenibilidad replicable en otras partes del mundo. Este plan forma parte del proyecto Saona Sostenible, realizado en alianza con el Ministerio de Medio Ambiente y Recursos Naturales (MIMARENA) para hacer de este destino, que recibe m\u00e1s de 1 mill\u00f3n de turistas al a\u00f1o, un modelo a nivel mundial.<\/p>\n\n\n\n<p>En esta l\u00ednea, seg\u00fan expuso Gonz\u00e1lez Bunster, los planes de InterEnergy Group en un corto plazo son ambiciosos hacia ese futuro cero emisiones al que aspira llegar este grupo y con un alcance regional. Pr\u00f3ximamente, preparan la expansi\u00f3n de activos renovables en diferentes puntos de Latinoam\u00e9rica; en 2024 inaugurar\u00e1 en Panam\u00e1 la planta m\u00e1s grande de ciclo combinado en Centroam\u00e9rica y el Caribe, en sociedad con AES; adem\u00e1s de la expansi\u00f3n indetenible de Evergo con la red de estaciones de carga m\u00e1s amplia y sofisticada de la regi\u00f3n, ya presente en m\u00e1s de una decena de pa\u00edses.<\/p>\n\n\n\n<p>L\u00eda \u00c1lvarez L\u00f3pez<a target=\"_blank\" href=\"mailto:lia@mediaticos.com.do\" rel=\"noreferrer noopener\">lia@mediaticos.com.do<\/a><\/p>\n","protected":false},"excerpt":{"rendered":"<p>Rolando Gonz\u00e1lez Bunster, presidente y CEO de InterEnergy Group. Durante su participaci\u00f3n en el Mercado Energy Summit, el presidente y CEO de InterEnergy Group, comparti\u00f3 la experiencia de este grupo energ\u00e9tico l\u00edder en la regi\u00f3n en la ruta hacia la descarbonizaci\u00f3n antes de 2030, subrayando como clave la combinaci\u00f3n de energ\u00edas limpias para una transici\u00f3n [&hellip;]<\/p>\n","protected":false},"author":28,"featured_media":451187,"comment_status":"closed","ping_status":"","sticky":true,"template":"","format":"standard","meta":{"footnotes":""},"categories":[20,18,27,32],"tags":[],"class_list":["post-451183","post","type-post","status-publish","format-standard","has-post-thumbnail","hentry","category-dominicana-hoy","category-economia","category-portada","category-turismo"],"_links":{"self":[{"href":"https:\/\/diariodominicano.com\/index.php?rest_route=\/wp\/v2\/posts\/451183","targetHints":{"allow":["GET"]}}],"collection":[{"href":"https:\/\/diariodominicano.com\/index.php?rest_route=\/wp\/v2\/posts"}],"about":[{"href":"https:\/\/diariodominicano.com\/index.php?rest_route=\/wp\/v2\/types\/post"}],"author":[{"embeddable":true,"href":"https:\/\/diariodominicano.com\/index.php?rest_route=\/wp\/v2\/users\/28"}],"replies":[{"embeddable":true,"href":"https:\/\/diariodominicano.com\/index.php?rest_route=%2Fwp%2Fv2%2Fcomments&post=451183"}],"version-history":[{"count":1,"href":"https:\/\/diariodominicano.com\/index.php?rest_route=\/wp\/v2\/posts\/451183\/revisions"}],"predecessor-version":[{"id":451189,"href":"https:\/\/diariodominicano.com\/index.php?rest_route=\/wp\/v2\/posts\/451183\/revisions\/451189"}],"wp:featuredmedia":[{"embeddable":true,"href":"https:\/\/diariodominicano.com\/index.php?rest_route=\/wp\/v2\/media\/451187"}],"wp:attachment":[{"href":"https:\/\/diariodominicano.com\/index.php?rest_route=%2Fwp%2Fv2%2Fmedia&parent=451183"}],"wp:term":[{"taxonomy":"category","embeddable":true,"href":"https:\/\/diariodominicano.com\/index.php?rest_route=%2Fwp%2Fv2%2Fcategories&post=451183"},{"taxonomy":"post_tag","embeddable":true,"href":"https:\/\/diariodominicano.com\/index.php?rest_route=%2Fwp%2Fv2%2Ftags&post=451183"}],"curies":[{"name":"wp","href":"https:\/\/api.w.org\/{rel}","templated":true}]}}