{"id":45114,"date":"2019-03-21T22:30:43","date_gmt":"2019-03-21T22:30:43","guid":{"rendered":"http:\/\/diariodominicano.ddns.net\/?p=45114"},"modified":"2019-03-21T22:30:43","modified_gmt":"2019-03-21T22:30:43","slug":"a-pleno-soldivision-nombres-y-fechas","status":"publish","type":"post","link":"https:\/\/diariodominicano.com\/?p=45114","title":{"rendered":"A Pleno Sol&#13;&#13;Divisi\u00f3n, nombres y fechas"},"content":{"rendered":"<p><body><\/p>\n<p><strong>Por Manuel Hern\u00e1ndez Villeta<\/strong><\/p>\n<\/p>\n<\/p>\n<p>El fantasma de la divisi\u00f3n toma fuerzas en los dos principales partidos del pa\u00eds. En uno es por la reelecci\u00f3n, en otro la lucha es por la candidatura presidencial. Visto al d\u00eda de hoy, luce imposible que no se produzcan fisuras, que lleven a divisiones y candidaturas independientes.<\/p>\n<\/p>\n<p>Con un panorama dividido habr\u00e1 de ver cu\u00e1l ser\u00e1 la correlaci\u00f3n de fuerzas para el a\u00f1o entrante. La oposici\u00f3n a la reelecci\u00f3n jugar\u00e1 a la segunda vuelta electoral, donde albergar\u00eda esperanzas de que las alianzas derroten a una eventual candidatura del presidente Danilo Medina.<\/p>\n<\/p>\n<p>Cada d\u00eda se ahonda m\u00e1s la fisura entre los liderazgos de Medina y Leonel Fern\u00e1ndez. Todo deber\u00e1 quedar concluido cuando se lleve al Congreso la reforma constitucional para permitir la reelecci\u00f3n. All\u00ed los dos se jugar\u00e1n su futuro pol\u00edtico.<\/p>\n<\/p>\n<p>Ni en la mesa de trabajo ni en las mentes de Danilo y Leonel se encuentra dar paso a una figura que sea potable para los dos. La \u00fanica que surge en ese panorama es Margarita. Es la vice de Danilo y la esposa de Leonel. Tendr\u00edan los dos que retirarse, para que ella pueda ascender.<\/p>\n<\/p>\n<p>Eso no es lo que se encuentra en debate. Mientras que ninguno de los pre-candidatos cercanos al Presidente han podido prender, y es muy dif\u00edcil que alguno de ellos pueda ser candidato triunfador. Una cosa est\u00e1 clara al d\u00eda de hoy: si hay reelecci\u00f3n habr\u00e1 divisi\u00f3n.<\/p>\n<\/p>\n<p>En el Partido Revolucionario Moderno hay una especie de congelamiento soterrado de la pugna entre Luis Abinader e Hip\u00f3lito Mej\u00eda. Esa fr\u00e1gil paz ser\u00e1 insostenible cuando se acerque el momento de las votaciones. Lo dif\u00edcil de predecir es hacia donde ir\u00eda el que pierda la convenci\u00f3n.<\/p>\n<\/p>\n<p>De hecho ya Hip\u00f3lito no cabe en ning\u00fan partido, al menos como dirigente m\u00e1ximo o candidato presidencial, y Abinader su \u00fanica base y sustentaci\u00f3n est\u00e1 en el PRM. El partido Revolucionario Dominicano, que ser\u00eda una casa alterna, est\u00e1 comprometido hasta el coraz\u00f3n con la futura reelecci\u00f3n.<\/p>\n<\/p>\n<p>Una cosa est\u00e1 clara. A todos se les acorta el tiempo, menos a Danilo. Con sus visitas sorpresas y sus obras de gobierno, puede alargar el silencio sobre la reelecci\u00f3n hasta el \u00faltimo d\u00eda. Leonel necesita definir su futuro, y si se va aparte preparar el nuevo terreno. De la oposici\u00f3n, el no saber contra quien se enfrentar\u00e1 le corroe las garras de combate. \u00a1Ay!, se me acab\u00f3 la tinta.<\/p>\n<h6> 2019-03-21 22:30:43 <\/h6>\n<p><!--\n<link rel=\"stylesheet\" href=\"css\/bootstrap.min.css\">\n\n\n<ul class=\"pagination\">\n\t    \n\t\n\n<li >\n\t<a href='?page_no=785'>Previous<\/a>\n\t<\/li>\n\n\n       \n    \n\n<li><a href='?page_no=1'>1<\/a><\/li>\n\n\n\n<li><a href='?page_no=2'>2<\/a><\/li>\n\n\n\n<li><a>...<\/a><\/li>\n\n\n\n<li><a href='?page_no=784'>784<\/a><\/li>\n\n\n\n<li><a href='?page_no=785'>785<\/a><\/li>\n\n\n\n<li class='active'><a>786<\/a><\/li>\n\n\n\n<li><a href='?page_no=787'>787<\/a><\/li>\n\n\n\n<li><a href='?page_no=788'>788<\/a><\/li>\n\n\n\n<li><a>...<\/a><\/li>\n\n\n\n<li><a href='?page_no=13611'>13611<\/a><\/li>\n\n\n\n<li><a href='?page_no=13612'>13612<\/a><\/li>\n\n    \n\t\n\n<li >\n\t<a href='?page_no=787'>Next<\/a>\n\t<\/li>\n\n\n    \n\n<li><a href='?page_no=13612'>Last &rsaquo;&rsaquo;<\/a><\/li>\n\n<\/ul>\n\n\n--><br \/>\n<\/body><\/p>\n","protected":false},"excerpt":{"rendered":"<p>Por Manuel Hern\u00e1ndez Villeta El fantasma de la divisi\u00f3n toma fuerzas en los dos principales partidos del pa\u00eds. En uno es por la reelecci\u00f3n, en otro la lucha es por la candidatura presidencial. Visto al d\u00eda de hoy, luce imposible que no se produzcan fisuras, que lleven a divisiones y candidaturas independientes. Con un panorama [&hellip;]<\/p>\n","protected":false},"author":3,"featured_media":0,"comment_status":"open","ping_status":"open","sticky":false,"template":"","format":"standard","meta":{"footnotes":""},"categories":[16],"tags":[],"class_list":["post-45114","post","type-post","status-publish","format-standard","hentry","category-opiniones"],"_links":{"self":[{"href":"https:\/\/diariodominicano.com\/index.php?rest_route=\/wp\/v2\/posts\/45114","targetHints":{"allow":["GET"]}}],"collection":[{"href":"https:\/\/diariodominicano.com\/index.php?rest_route=\/wp\/v2\/posts"}],"about":[{"href":"https:\/\/diariodominicano.com\/index.php?rest_route=\/wp\/v2\/types\/post"}],"author":[{"embeddable":true,"href":"https:\/\/diariodominicano.com\/index.php?rest_route=\/wp\/v2\/users\/3"}],"replies":[{"embeddable":true,"href":"https:\/\/diariodominicano.com\/index.php?rest_route=%2Fwp%2Fv2%2Fcomments&post=45114"}],"version-history":[{"count":0,"href":"https:\/\/diariodominicano.com\/index.php?rest_route=\/wp\/v2\/posts\/45114\/revisions"}],"wp:attachment":[{"href":"https:\/\/diariodominicano.com\/index.php?rest_route=%2Fwp%2Fv2%2Fmedia&parent=45114"}],"wp:term":[{"taxonomy":"category","embeddable":true,"href":"https:\/\/diariodominicano.com\/index.php?rest_route=%2Fwp%2Fv2%2Fcategories&post=45114"},{"taxonomy":"post_tag","embeddable":true,"href":"https:\/\/diariodominicano.com\/index.php?rest_route=%2Fwp%2Fv2%2Ftags&post=45114"}],"curies":[{"name":"wp","href":"https:\/\/api.w.org\/{rel}","templated":true}]}}