{"id":451065,"date":"2023-06-30T11:11:24","date_gmt":"2023-06-30T15:11:24","guid":{"rendered":"http:\/\/diariodominicano.com\/?p=451065"},"modified":"2023-06-30T11:11:24","modified_gmt":"2023-06-30T15:11:24","slug":"haiti-fiscalia-dice-que-estados-unidos-y-canada-no-han-presentado-pruebas-de-sancionados-haitianos-por-financiar-pandillas","status":"publish","type":"post","link":"https:\/\/diariodominicano.com\/?p=451065","title":{"rendered":"Hait\u00ed, Fiscal\u00eda dice que Estados Unidos y Canad\u00e1 no han presentado pruebas de sancionados haitianos por financiar pandillas"},"content":{"rendered":"\n<p>diariodominicano.com<\/p>\n\n\n\n<p>Puerto Pr\u00edncipe, 30 jun (Prensa Latina) El comisionado de Gobierno de la capital haitiana, Edler Guillaume, pretende investigar a sancionados por Estados Unidos, Canad\u00e1 y Rep\u00fablica Dominicana, por supuestamente promover la corrupci\u00f3n y financiar pandillas, se conoci\u00f3 hoy.<\/p>\n\n\n\n<p>El fiscal, que asumi\u00f3 el cargo hace tres semanas, dijo al diario Le Nouvelliste estar muy interesado en los casos de personalidades haitianas castigadas por esos pa\u00edses, no obstante, alent\u00f3 a las naciones que adoptaron las medidas a respetar los procedimientos.<\/p>\n\n\n\n<p>Hasta la fecha, los que imponen las sanciones no nos han notificado su decisi\u00f3n ni nos han enviado ning\u00fan documento. No tenemos pruebas materiales. No pueden proceder as\u00ed, lament\u00f3 el letrado.<\/p>\n\n\n\n<p>Tambi\u00e9n explic\u00f3 que para iniciar un procedimiento p\u00fablico se necesitan hechos y pruebas. \u201cEn cuanto tengamos motivos para incoar diligencias, quienquiera que est\u00e9 implicado ser\u00e1 debidamente procesado\u201d, asegur\u00f3.<\/p>\n\n\n\n<p>Sobre el caso del ex primer ministro Laurent Lamothe, sobre quien pesan sanciones por malversar al menos 60 millones de d\u00f3lares del Tesoro, Guillaume afirm\u00f3 que la investigaci\u00f3n a\u00fan est\u00e1 activa, a pesar del fin del mandato del juez de instrucci\u00f3n.<\/p>\n\n\n\n<p>De acuerdo con el fiscal, corresponde al decano del Tribunal de Primera Instancia nombrar a un nuevo magistrado que contin\u00fae con la pesquisa.<\/p>\n\n\n\n<p>mgt\/ane<\/p>\n","protected":false},"excerpt":{"rendered":"<p>diariodominicano.com Puerto Pr\u00edncipe, 30 jun (Prensa Latina) El comisionado de Gobierno de la capital haitiana, Edler Guillaume, pretende investigar a sancionados por Estados Unidos, Canad\u00e1 y Rep\u00fablica Dominicana, por supuestamente promover la corrupci\u00f3n y financiar pandillas, se conoci\u00f3 hoy. El fiscal, que asumi\u00f3 el cargo hace tres semanas, dijo al diario Le Nouvelliste estar muy [&hellip;]<\/p>\n","protected":false},"author":5,"featured_media":450805,"comment_status":"closed","ping_status":"","sticky":true,"template":"","format":"standard","meta":{"footnotes":""},"categories":[112,23,27],"tags":[],"class_list":["post-451065","post","type-post","status-publish","format-standard","has-post-thumbnail","hentry","category-haiti","category-internacional","category-portada"],"_links":{"self":[{"href":"https:\/\/diariodominicano.com\/index.php?rest_route=\/wp\/v2\/posts\/451065","targetHints":{"allow":["GET"]}}],"collection":[{"href":"https:\/\/diariodominicano.com\/index.php?rest_route=\/wp\/v2\/posts"}],"about":[{"href":"https:\/\/diariodominicano.com\/index.php?rest_route=\/wp\/v2\/types\/post"}],"author":[{"embeddable":true,"href":"https:\/\/diariodominicano.com\/index.php?rest_route=\/wp\/v2\/users\/5"}],"replies":[{"embeddable":true,"href":"https:\/\/diariodominicano.com\/index.php?rest_route=%2Fwp%2Fv2%2Fcomments&post=451065"}],"version-history":[{"count":1,"href":"https:\/\/diariodominicano.com\/index.php?rest_route=\/wp\/v2\/posts\/451065\/revisions"}],"predecessor-version":[{"id":451091,"href":"https:\/\/diariodominicano.com\/index.php?rest_route=\/wp\/v2\/posts\/451065\/revisions\/451091"}],"wp:featuredmedia":[{"embeddable":true,"href":"https:\/\/diariodominicano.com\/index.php?rest_route=\/wp\/v2\/media\/450805"}],"wp:attachment":[{"href":"https:\/\/diariodominicano.com\/index.php?rest_route=%2Fwp%2Fv2%2Fmedia&parent=451065"}],"wp:term":[{"taxonomy":"category","embeddable":true,"href":"https:\/\/diariodominicano.com\/index.php?rest_route=%2Fwp%2Fv2%2Fcategories&post=451065"},{"taxonomy":"post_tag","embeddable":true,"href":"https:\/\/diariodominicano.com\/index.php?rest_route=%2Fwp%2Fv2%2Ftags&post=451065"}],"curies":[{"name":"wp","href":"https:\/\/api.w.org\/{rel}","templated":true}]}}