{"id":45103,"date":"2019-03-22T22:59:29","date_gmt":"2019-03-22T22:59:29","guid":{"rendered":"http:\/\/diariodominicano.ddns.net\/?p=45103"},"modified":"2019-03-22T22:59:29","modified_gmt":"2019-03-22T22:59:29","slug":"ee-uu-ante-latinoamerica","status":"publish","type":"post","link":"https:\/\/diariodominicano.com\/?p=45103","title":{"rendered":"EE.UU. ante Latinoam\u00e9rica"},"content":{"rendered":"<p><body><\/p>\n<p><strong>Manuel D\u00edaz Aponte <\/strong><\/p>\n<\/p>\n<p>Un patio trasero lacerado y que en varias ocasiones ha sido invadido y dividido seg\u00fan las conveniencias hist\u00f3ricas del imperio m\u00e1s poderoso y dominante de las \u00faltimas d\u00e9cadas. Que al mismo tiempo, sepult\u00f3 el multilateralismo para que reine el bilateralismo entre las negociaciones de los Estados. <\/p>\n<\/p>\n<p>El arribo del presidente Donald Trump a la Casa Blanca ha significado entre otras cosas la progresiva desaparici\u00f3n o disminuci\u00f3n del cronograma de acci\u00f3n de las principales iniciativas integracionistas como la Uni\u00f3n de Naciones Suramericanas (UNASUR); Mercado Com\u00fan del Sur (MERCOSUR), Sistema de Integraci\u00f3n de Centroam\u00e9rica y el Caribe (SICA) y la Alianza Bolivariana para los Pueblos de nuestra Am\u00e9rica y el Tratado de Comercio de los Pueblos (ALBA-TCP).<\/p>\n<\/p>\n<p>Varios mandatarios de Suram\u00e9rica acaban de anunciar en  Chile la creaci\u00f3n de un nuevo organismo regional que identifican como Prosur, en lugar de la Uni\u00f3n de Naciones Suramericanas (UNASUR), creada por los fallecidos ex presidentes de Venezuela, Hugo Ch\u00e1vez Fr\u00edas, de Argentina, N\u00e9stor Kirchner y el ex mandatario brasile\u00f1o Luiz Inacio Lula Da Silva, quien guarda prisi\u00f3n en una c\u00e1rcel de Sao Paulo.<\/p>\n<\/p>\n<p>Evidentemente que se trata de una iniciativa que impulsar\u00e1 un mayor acercamiento e influencia con Washington en el Continente.<\/p>\n<\/p>\n<p>Los presidentes de Chile, Sebasti\u00e1n Pi\u00f1era; de Argentina, Mauricio Macri, de Colombia, Iv\u00e1n Duque, de Ecuador, Lenin Moreno y de Brasil, Jair Bolsonaro, mostraron confianza en el \u00e9xito de la entidad.<\/p>\n<\/p>\n<p>Pi\u00f1era dice que UNASUR fracas\u00f3 \u00abpor exceso de ideologismo y burocracia\u00bb.   <\/p>\n<p><strong>Geopol\u00edtica<\/strong><\/p>\n<\/p>\n<p>El presidente Trump busca disminuir la esfera de influencia e inversiones masivas de la Rep\u00fablica Popular de China en Am\u00e9rica Latina y para ello, reuni\u00f3 en su mansi\u00f3n privada de La Florida a cinco gobernantes de la regi\u00f3n del Caribe, entre ellos, el presidente Danilo Medina. Asistieron adem\u00e1s, los gobernantes de Bahamas, Jamaica, Hait\u00ed y Santa Luc\u00eda. <\/p>\n<\/p>\n<p>China tiene actualmente inversiones en Argentina, Uruguay, Chile, Per\u00fa, Ecuador y Brasil.   <\/p>\n<\/p>\n<p>Por supuesto, en ese encuentro se abord\u00f3 la situaci\u00f3n de Venezuela convertida hoy en el epicentro de la intensa lucha de la geopol\u00edtica mundial que tiene tres protagonistas esenciales: Estados Unidos, China y Rusia, \u00e9stos dos \u00faltimos mantienen su respaldo al gobierno de Maduro.<\/p>\n<\/p>\n<p>En el encuentro de Trump con los l\u00edderes caribe\u00f1os se acord\u00f3 que EE.UU. enviar\u00e1 en los pr\u00f3ximos 90 d\u00edas comisiones de alto nivel para estrechar las relaciones y que incluso, Washington dar\u00e1 \u00abestatus prioritario\u00bb a la regi\u00f3n.  <\/p>\n<\/p>\n<p>En un texto difundido en Twitter el asesor de seguridad nacional del gobierno estadounidense, John Bolton, expuso que:\u00bbEstados Unidos est\u00e1 junto a nuestros amigos caribe\u00f1os y quiere avanzar en nuestros estrechos y antiguos lazos con la regi\u00f3n, trabajando m\u00e1s estrechamente en prioridades como Venezuela y centrarnos en el crecimiento econ\u00f3mico\u00bb.<\/p>\n<\/p>\n<p>Las d\u00e9cadas del ochenta y noventa fueron prol\u00edferas en el surgimiento de esos esquemas de integraci\u00f3n en la regi\u00f3n, que abri\u00f3 nuevos espacios de esperanza para el anhelado desarrollo y bienestar econ\u00f3mico y social de sus habitantes.<\/p>\n<\/p>\n<p>Las divisiones comenzaron en las mismas entra\u00f1as de una Am\u00e9rica Latina que a\u00fan no encuentra su propio destino y sus principales l\u00edderes adoptan pol\u00edticas coyunturales, sin redefinir el hilo conductor global que permita a corto y largo plazo la inserci\u00f3n de nuestras naciones en una poderosa estructura cuyo norte principal sea el bienestar colectivo.<\/p>\n<p><strong>El fantasma divisionista<\/strong><\/p>\n<\/p>\n<p>Seria simplista y poco \u00e9tico culpar \u00fanica y exclusivamente de las adversidades y divisiones hist\u00f3ricas a Estados Unidos, porque hemos sido los latinoamericanos quienes con nuestras actitudes no logramos avanzar.<\/p>\n<\/p>\n<p>En cinco d\u00e9cadas, despu\u00e9s del triunfo de la Revoluci\u00f3n Cubana en 1959, el foco de distanciamiento entre Washington con Latinoam\u00e9rica se concentr\u00f3 en la Isla Caribe\u00f1a. Posteriormente, se abrieron otros frentes y movimientos guerrilleros en la regi\u00f3n culminando en 1979 con la revoluci\u00f3n sandinista, en Nicaragua. <\/p>\n<\/p>\n<p>Ahora el escenario es la Rep\u00fablica Bolivariana de Venezuela, a quien el gobierno del presidente Donald Trump tiene en la mira con el apoyo de una coalici\u00f3n de m\u00e1s de sesenta pa\u00edses que desconocen el r\u00e9gimen de Nicol\u00e1s Maduro.<\/p>\n<\/p>\n<p>Nunca antes en la historia moderna de Am\u00e9rica se hab\u00eda estructurado una plataforma de naciones tan diversa compuesta por EE.UU; Canad\u00e1, alrededor de treinta pa\u00edses Latinoamericanos, la Uni\u00f3n Europea (UE) y de otras latitudes del planeta que respaldan al autoproclamado presidente Juan Guaid\u00f3.<\/p>\n<\/p>\n<p>2030, es el a\u00f1o que deber\u00e1 ser punto de partida en la agenda fijada por la Organizaci\u00f3n de las Naciones Unidas (ONU) para el cumplimiento de los Objetivos de Desarrollo del Milenio entre la comunidad mundial. Sin embargo, en Latinoam\u00e9rica muchos pa\u00edses reprobar\u00e1n esa prueba.<\/p>\n<\/p>\n<p>La Comisi\u00f3n Econ\u00f3mica para Am\u00e9rica Latina y el Caribe (CEPAL), sostiene que los pa\u00edses de la regi\u00f3n lograron entre 2000 y 2015 avances importantes en la reducci\u00f3n de la pobreza extrema, el hambre y la mortalidad infantil, la incorporaci\u00f3n de las ni\u00f1as a la educaci\u00f3n y el acceso a agua potable, pero \u00abdeben hacer mayores esfuerzos en la reducci\u00f3n de la mortalidad materna y de las emisiones de gases de efecto invernadero\u00bb, entre otras \u00e1reas.<\/p>\n<p><strong>\u00bfAgenda de Desarrollo?<\/strong><\/p>\n<\/p>\n<p>Enfatiza que el 2030 debe significar la apertura hacia un nuevo modelo participativo, inclusivo, interdisciplinario y universal donde el desarrollo deber\u00e1 estar dirigido al cierre de brechas estructurales que impacten en los \u00e1mbitos medioambientales para as\u00ed lograr mayor igualdad.         <\/p>\n<\/p>\n<p>De acuerdo a la CEPAL, entre 1990 y 2015 se redujo en m\u00e1s de la mitad el porcentaje de personas con ingresos inferiores a un d\u00f3lar. Un 6% viv\u00eda con menos de 1,25 d\u00f3lares diarios en 2011, frente a 12,6% en 1990.<\/p>\n<\/p>\n<p>Tambi\u00e9n la proporci\u00f3n de personas que pasan hambre, que se redujo desde 14,7% en el bienio 1990-1992 hasta 5,5% en 2014-2016.<\/p>\n<\/p>\n<p>Ciertamente la debilidad intr\u00ednseca de las instituciones Latinoamericanas amenazadas frecuentemente por golpes de Estado y violaci\u00f3n de las normas elementales del estado de derecho, son factores primarios que generan ese cuadro. A ello se agrega, la absurda separaci\u00f3n entre los empresarios y el liderazgo pol\u00edtico.<\/p>\n<\/p>\n<p>Las relaciones del empresariado y de los pol\u00edticos de Am\u00e9rica Latina tienen que ser redefinidas con el soporte de una agenda que propicie los cambios pol\u00edticos, econ\u00f3micos y sociales por d\u00e9cadas demandados.<\/p>\n<p><strong>Debilidad Institucional<\/strong><\/p>\n<\/p>\n<p>Algunos empresarios han dependido de la protecci\u00f3n del Estado para encaminar sus iniciativas desarrollistas, pero  lleg\u00f3 el momento de dar el salto hacia la autosuficiencia y mayor creatividad.<\/p>\n<\/p>\n<p>Otros tienen una visi\u00f3n conservadora y no se atreven a impulsar proyectos que contradigan los dict\u00e1menes del oficialismo. <\/p>\n<\/p>\n<p>El padrinaje entre pol\u00edticos-empresarios ha salido a relucir con el caso de ODEBRECHT, la multinacional constructora brasile\u00f1a que ha generado el mayor esc\u00e1ndalo de corrupci\u00f3n que registra la historia moderna en Am\u00e9rica Latina, con el involucramiento de pol\u00edticos, empresarios, legisladores, comunicadores y funcionarios judiciales.<\/p>\n<p><strong> Art\u00edculo de Manuel D\u00edaz Aponte<\/strong><\/p>\n<\/p>\n<h6> 2019-03-22 22:59:29 <\/h6>\n<p><!--\n<link rel=\"stylesheet\" href=\"css\/bootstrap.min.css\">\n\n\n<ul class=\"pagination\">\n\t    \n\t\n\n<li >\n\t<a href='?page_no=784'>Previous<\/a>\n\t<\/li>\n\n\n       \n    \n\n<li><a href='?page_no=1'>1<\/a><\/li>\n\n\n\n<li><a href='?page_no=2'>2<\/a><\/li>\n\n\n\n<li><a>...<\/a><\/li>\n\n\n\n<li><a href='?page_no=783'>783<\/a><\/li>\n\n\n\n<li><a href='?page_no=784'>784<\/a><\/li>\n\n\n\n<li class='active'><a>785<\/a><\/li>\n\n\n\n<li><a href='?page_no=786'>786<\/a><\/li>\n\n\n\n<li><a href='?page_no=787'>787<\/a><\/li>\n\n\n\n<li><a>...<\/a><\/li>\n\n\n\n<li><a href='?page_no=13611'>13611<\/a><\/li>\n\n\n\n<li><a href='?page_no=13612'>13612<\/a><\/li>\n\n    \n\t\n\n<li >\n\t<a href='?page_no=786'>Next<\/a>\n\t<\/li>\n\n\n    \n\n<li><a href='?page_no=13612'>Last &rsaquo;&rsaquo;<\/a><\/li>\n\n<\/ul>\n\n\n--><br \/>\n<\/body><\/p>\n","protected":false},"excerpt":{"rendered":"<p>Manuel D\u00edaz Aponte Un patio trasero lacerado y que en varias ocasiones ha sido invadido y dividido seg\u00fan las conveniencias hist\u00f3ricas del imperio m\u00e1s poderoso y dominante de las \u00faltimas d\u00e9cadas. Que al mismo tiempo, sepult\u00f3 el multilateralismo para que reine el bilateralismo entre las negociaciones de los Estados. El arribo del presidente Donald Trump [&hellip;]<\/p>\n","protected":false},"author":3,"featured_media":0,"comment_status":"open","ping_status":"open","sticky":false,"template":"","format":"standard","meta":{"footnotes":""},"categories":[16],"tags":[],"class_list":["post-45103","post","type-post","status-publish","format-standard","hentry","category-opiniones"],"_links":{"self":[{"href":"https:\/\/diariodominicano.com\/index.php?rest_route=\/wp\/v2\/posts\/45103","targetHints":{"allow":["GET"]}}],"collection":[{"href":"https:\/\/diariodominicano.com\/index.php?rest_route=\/wp\/v2\/posts"}],"about":[{"href":"https:\/\/diariodominicano.com\/index.php?rest_route=\/wp\/v2\/types\/post"}],"author":[{"embeddable":true,"href":"https:\/\/diariodominicano.com\/index.php?rest_route=\/wp\/v2\/users\/3"}],"replies":[{"embeddable":true,"href":"https:\/\/diariodominicano.com\/index.php?rest_route=%2Fwp%2Fv2%2Fcomments&post=45103"}],"version-history":[{"count":0,"href":"https:\/\/diariodominicano.com\/index.php?rest_route=\/wp\/v2\/posts\/45103\/revisions"}],"wp:attachment":[{"href":"https:\/\/diariodominicano.com\/index.php?rest_route=%2Fwp%2Fv2%2Fmedia&parent=45103"}],"wp:term":[{"taxonomy":"category","embeddable":true,"href":"https:\/\/diariodominicano.com\/index.php?rest_route=%2Fwp%2Fv2%2Fcategories&post=45103"},{"taxonomy":"post_tag","embeddable":true,"href":"https:\/\/diariodominicano.com\/index.php?rest_route=%2Fwp%2Fv2%2Ftags&post=45103"}],"curies":[{"name":"wp","href":"https:\/\/api.w.org\/{rel}","templated":true}]}}