{"id":450993,"date":"2023-06-29T23:13:21","date_gmt":"2023-06-30T03:13:21","guid":{"rendered":"http:\/\/diariodominicano.com\/?p=450993"},"modified":"2023-06-29T23:19:57","modified_gmt":"2023-06-30T03:19:57","slug":"guzman-fermin-nominas-de-puntos-de-droga-en-rd-ronda-los-rd750000-por-mes","status":"publish","type":"post","link":"https:\/\/diariodominicano.com\/?p=450993","title":{"rendered":"Guzm\u00e1n Ferm\u00edn: n\u00f3minas de puntos de droga en RD ronda los RD$750,000 por mes"},"content":{"rendered":"\n<p> Mayor general retirado Rafael Guillermo Guzm\u00e1n Ferm\u00edn<\/p>\n\n\n\n<p> SANTO DOMINGO, RD.- El exjefe de la Polic\u00eda Nacional, mayor general retirado Rafael Guillermo Guzm\u00e1n Ferm\u00edn, present\u00f3 este lunes lo que ser\u00eda una radiograf\u00eda de los puntos de drogas que, en sus propias palabras, son empresas criminales que pueden clasificarse en peque\u00f1as, micros y grandes.<\/p>\n\n\n\n<p>En ese tenor, el exjefe de la polic\u00eda explic\u00f3 que los puntos de drogas peque\u00f1os tienen un promedio de 14 empleados divididos en dos turnos y sus n\u00f3minas se aproxima a los 750 mil pesos mensuales.<\/p>\n\n\n\n<p>\u201cSi yo tengo 10 puntos de drogas que eso lo tiene cualquiera en un barrio, mensual son 7 millones 5000 mil pesos, cuando yo tengo 5 o 10 puntos que estoy manejando 5 o 7 millones mensual en n\u00f3mina solamente ya ah\u00ed yo tengo que tener abogados para crear empresas legales\u201d, Expuso.<\/p>\n\n\n\n<p>Guzm\u00e1n Ferm\u00edn fue entrevistado por los comunicadores Enrique Mota, Julia Mu\u00f1iz y Rafael Zapata, en el programa \u201cEl Nuevo Diario AM\u201d, transmitido por la plataforma digital El Nuevo Diario TV.<\/p>\n\n\n\n<p>\u201cEl 87 % de los delitos que se cometen en Rep\u00fablica Dominicana tienen una vinculaci\u00f3n directa o indirecta con el microtr\u00e1fico de drogas, o sea los puntos de drogas en los barrios y que ocurri\u00f3, que hace m\u00e1s de dos a\u00f1os el presidente Abinader por mala asesor\u00eda elimin\u00f3 la Direcci\u00f3n Central Antinarc\u00f3ticos en la Polic\u00eda\u201d, critic\u00f3.<\/p>\n\n\n\n<p>Sostuvo que incremento de la violencia y la delincuencia es grav\u00edsimo en la Rep\u00fablica Dominicana, sobre todo porque este pico tendr\u00eda relaci\u00f3n con el microtr\u00e1fico de drogas.<\/p>\n\n\n\n<figure class=\"wp-block-image size-large\"><img loading=\"lazy\" decoding=\"async\" width=\"1024\" height=\"683\" src=\"https:\/\/diariodominicano.com\/wp-content\/uploads\/2023\/06\/WhatsApp-Image-2023-06-28-at-08.49.13-1-1-1024x683.jpeg\" alt=\"\" class=\"wp-image-450999\" srcset=\"https:\/\/diariodominicano.com\/wp-content\/uploads\/2023\/06\/WhatsApp-Image-2023-06-28-at-08.49.13-1-1-1024x683.jpeg 1024w, https:\/\/diariodominicano.com\/wp-content\/uploads\/2023\/06\/WhatsApp-Image-2023-06-28-at-08.49.13-1-1-300x200.jpeg 300w, https:\/\/diariodominicano.com\/wp-content\/uploads\/2023\/06\/WhatsApp-Image-2023-06-28-at-08.49.13-1-1-768x512.jpeg 768w, https:\/\/diariodominicano.com\/wp-content\/uploads\/2023\/06\/WhatsApp-Image-2023-06-28-at-08.49.13-1-1-1536x1024.jpeg 1536w, https:\/\/diariodominicano.com\/wp-content\/uploads\/2023\/06\/WhatsApp-Image-2023-06-28-at-08.49.13-1-1-816x544.jpeg 816w, https:\/\/diariodominicano.com\/wp-content\/uploads\/2023\/06\/WhatsApp-Image-2023-06-28-at-08.49.13-1-1.jpeg 1599w\" sizes=\"auto, (max-width: 1024px) 100vw, 1024px\" \/><figcaption> Mayor general retirado Rafael Guillermo Guzm\u00e1n Ferm\u00edn <\/figcaption><\/figure>\n\n\n\n<p>Al hablar de la rueda de prensa que ofreci\u00f3 el presidente Luis Abinader en la Polic\u00eda Nacional, consider\u00f3 que fue un grave error del mandatario decir que iba a asumir el control y la supervisi\u00f3n de la lucha contra el crimen, porque con esto admite que su gesti\u00f3n ha sido un fracaso total en lo que a seguridad ciudadana se refiere.<\/p>\n\n\n\n<p>Dijo que otro gran error del mandatario fue dirigirse a la Polic\u00eda Nacional si quiere dedicar m\u00e1s atenci\u00f3n al tema, en lugar de ir al Ministerio de Interior que es el organismo institucional que tiene la obligaci\u00f3n de dise\u00f1ar los planes y programas de seguridad preventiva.<\/p>\n\n\n\n<p>Guzm\u00e1n Ferm\u00edn insisti\u00f3 que en el pa\u00eds no hay un plan de seguridad ciudadana, lo que ha generado que las actuales autoridades est\u00e9n improvisando y cometiendo errores constantemente.<\/p>\n\n\n\n<p>\u201c\u00bfQu\u00e9 tiene que hacer el Estado para poder prever las causas de la delincuencia? Bajo el estudio de las ciencias sociales de la criminolog\u00eda, estudiar los fen\u00f3menos que est\u00e1n ocurriendo, no por percepci\u00f3n, no por encuestas, no por olfato, si no con las ciencias interdisciplinarias y como se hace, desde el Ministerio de Interior tener un plan integral\u201d, expres\u00f3.&nbsp;&nbsp;&nbsp;&nbsp;&nbsp;&nbsp;<\/p>\n\n\n\n<p><strong>Tasa de homicidios<\/strong><\/p>\n\n\n\n<p>Guzm\u00e1n Ferm\u00edn declar\u00f3, adem\u00e1s, que el jefe de Estado tiene asesores que le mienten para que \u00e9l cometa el error de decir las mentiras m\u00e1s adelante, refiri\u00e9ndose espec\u00edficamente a la baja en la tasa de homicidios que presentaron las autoridades esta semana, la que ubicaron en 13.7 %.<\/p>\n\n\n\n<p>\u201cLo que ha dicho el Gobierno para bajar esos \u00edndices de homicidios es que ha segmentado los tipos, de acuerdo a una resoluci\u00f3n que se promulg\u00f3, en el a\u00f1o 2017, donde la tasa de que antes era todo tipo de homicidio, ahora lo diseccionan en cuatro categor\u00edas\u201d, indic\u00f3.<\/p>\n\n\n\n<figure class=\"wp-block-embed is-type-video is-provider-youtube wp-block-embed-youtube wp-embed-aspect-16-9 wp-has-aspect-ratio\"><div class=\"wp-block-embed__wrapper\">\n<iframe loading=\"lazy\" title=\"Ex jefe PN revela, puntos de drogas pagan de n\u00f3mina $750 mil pesos mensuales a empleados\" width=\"616\" height=\"347\" src=\"https:\/\/www.youtube.com\/embed\/errnpM1ih78?feature=oembed\" frameborder=\"0\" allow=\"accelerometer; autoplay; clipboard-write; encrypted-media; gyroscope; picture-in-picture; web-share\" referrerpolicy=\"strict-origin-when-cross-origin\" allowfullscreen><\/iframe>\n<\/div><figcaption><br><br><br><br>NOTA DE PRENSA END<br><a rel=\"noreferrer noopener\" target=\"_blank\" href=\"mailto:notadeprensa@elnuevodiario.com.do\">notadeprensa@elnuevodiario.c<\/a> <\/figcaption><\/figure>\n","protected":false},"excerpt":{"rendered":"<p>Mayor general retirado Rafael Guillermo Guzm\u00e1n Ferm\u00edn SANTO DOMINGO, RD.- El exjefe de la Polic\u00eda Nacional, mayor general retirado Rafael Guillermo Guzm\u00e1n Ferm\u00edn, present\u00f3 este lunes lo que ser\u00eda una radiograf\u00eda de los puntos de drogas que, en sus propias palabras, son empresas criminales que pueden clasificarse en peque\u00f1as, micros y grandes. En ese tenor, [&hellip;]<\/p>\n","protected":false},"author":28,"featured_media":0,"comment_status":"closed","ping_status":"","sticky":false,"template":"","format":"standard","meta":{"footnotes":""},"categories":[36,20,29],"tags":[],"class_list":["post-450993","post","type-post","status-publish","format-standard","hentry","category-hombresmujeresycosas","category-dominicana-hoy","category-policiasucesos"],"_links":{"self":[{"href":"https:\/\/diariodominicano.com\/index.php?rest_route=\/wp\/v2\/posts\/450993","targetHints":{"allow":["GET"]}}],"collection":[{"href":"https:\/\/diariodominicano.com\/index.php?rest_route=\/wp\/v2\/posts"}],"about":[{"href":"https:\/\/diariodominicano.com\/index.php?rest_route=\/wp\/v2\/types\/post"}],"author":[{"embeddable":true,"href":"https:\/\/diariodominicano.com\/index.php?rest_route=\/wp\/v2\/users\/28"}],"replies":[{"embeddable":true,"href":"https:\/\/diariodominicano.com\/index.php?rest_route=%2Fwp%2Fv2%2Fcomments&post=450993"}],"version-history":[{"count":4,"href":"https:\/\/diariodominicano.com\/index.php?rest_route=\/wp\/v2\/posts\/450993\/revisions"}],"predecessor-version":[{"id":451000,"href":"https:\/\/diariodominicano.com\/index.php?rest_route=\/wp\/v2\/posts\/450993\/revisions\/451000"}],"wp:attachment":[{"href":"https:\/\/diariodominicano.com\/index.php?rest_route=%2Fwp%2Fv2%2Fmedia&parent=450993"}],"wp:term":[{"taxonomy":"category","embeddable":true,"href":"https:\/\/diariodominicano.com\/index.php?rest_route=%2Fwp%2Fv2%2Fcategories&post=450993"},{"taxonomy":"post_tag","embeddable":true,"href":"https:\/\/diariodominicano.com\/index.php?rest_route=%2Fwp%2Fv2%2Ftags&post=450993"}],"curies":[{"name":"wp","href":"https:\/\/api.w.org\/{rel}","templated":true}]}}