{"id":450942,"date":"2023-06-29T21:31:03","date_gmt":"2023-06-30T01:31:03","guid":{"rendered":"http:\/\/diariodominicano.com\/?p=450942"},"modified":"2023-06-29T21:51:13","modified_gmt":"2023-06-30T01:51:13","slug":"condenan-a-20-anos-de-prision-a-hombre-que-intento-matar-a-su-pareja-en-san-pedro-de-macoris","status":"publish","type":"post","link":"https:\/\/diariodominicano.com\/?p=450942","title":{"rendered":"Condenan a 20 a\u00f1os de prisi\u00f3n a hombre que intent\u00f3 matar a su pareja en San Pedro de Macor\u00eds"},"content":{"rendered":"\n<p>SAN PEDRO DE MACOR\u00cdS, Rep\u00fablica Dominicana.-Fue sentenciado a 20 a\u00f1os de prisi\u00f3n un hombre acusado por el Ministerio P\u00fablico de esta provincia de intentar matar a su pareja tras provocarle m\u00faltiples heridas con un machete, en un hecho ocurrido en el a\u00f1o 2021, en el sector Miramar de esta ciudad.<\/p>\n\n\n\n<p>El Tribunal Colegiado de la C\u00e1mara Penal del Juzgado de Primera Instancia del Distrito Judicial de San Pedro de Macor\u00eds, integrado por los jueces Juan de la Cruz Rijo G\u00fc\u00edlamo, Bethania del Carmen Conce Polanco y Katerine Santana Mej\u00eda, declararon a Jos\u00e9 Lu\u00eds Salas S\u00e1nchez culpable del crimen de tentativa de homicidio contra su pareja, de quien se omite su nombre para preservar su identidad.<\/p>\n\n\n\n<p>El fiscal Pedro Adael Garc\u00eda de Pe\u00f1a aport\u00f3 en el juicio pruebas testimoniales, periciales, documentales e ilustrativas con las que pudo probar, fuera de toda duda, que el acusado cometi\u00f3 el hecho el 13 de septiembre de 2021, en la calle George, del indicado sector.<\/p>\n\n\n\n<p>La acusaci\u00f3n se\u00f1ala que Jos\u00e9 Lu\u00eds Salas S\u00e1nchez, tras haberse enterado de que su pareja hab\u00eda tenido una conversaci\u00f3n con su anterior esposo y padre de sus dos hijos, se molest\u00f3 y llen\u00f3 de ir\u00e1, procediendo a armarse con un machete con el que le infiri\u00f3 m\u00e1s de diez heridas en diversas partes del cuerpo a la v\u00edctima, mientras se encontraban en la vivienda donde resid\u00edan.<\/p>\n\n\n\n<p>El expediente se\u00f1ala que el procesado ten\u00eda la intenci\u00f3n de quitarle la vida a su pareja, lo que no logr\u00f3 tras el pedido de auxilio de la mujer y la llegada de un pariente que acudi\u00f3 al lugar al escuchar que esta clamaba desesperada por ayuda.<\/p>\n\n\n\n<p>Salas S\u00e1nchez, quien deber\u00e1 cumplir la sentencia en el Centro de Correcci\u00f3n y Rehabilitaci\u00f3n (CCR) de San Pedro de Macor\u00eds, fue hallado culpable de violar las disposiciones de los art\u00edculos 2, 295 y 304 del C\u00f3digo Penal Dominicano.<\/p>\n\n\n\n<p>Comunicaciones PGR<a target=\"_blank\" href=\"mailto:comunicaciones@pgr.gob.do\" rel=\"noreferrer noopener\">comunicaciones@pgr.gob.do<\/a><\/p>\n\n\n\n<p><strong>Direcci\u00f3n General de Comunicaci\u00f3n, Prensa, y RRPP<\/strong><\/p>\n\n\n\n<p>Ministerio P\u00fablico.&nbsp;R.D.<\/p>\n\n\n\n<p>Jueves, 29 de junio de 2023.<\/p>\n","protected":false},"excerpt":{"rendered":"<p>SAN PEDRO DE MACOR\u00cdS, Rep\u00fablica Dominicana.-Fue sentenciado a 20 a\u00f1os de prisi\u00f3n un hombre acusado por el Ministerio P\u00fablico de esta provincia de intentar matar a su pareja tras provocarle m\u00faltiples heridas con un machete, en un hecho ocurrido en el a\u00f1o 2021, en el sector Miramar de esta ciudad. El Tribunal Colegiado de la [&hellip;]<\/p>\n","protected":false},"author":28,"featured_media":295291,"comment_status":"closed","ping_status":"","sticky":true,"template":"","format":"standard","meta":{"footnotes":""},"categories":[24,29,27],"tags":[],"class_list":["post-450942","post","type-post","status-publish","format-standard","has-post-thumbnail","hentry","category-justicia-y-derecho","category-policiasucesos","category-portada"],"_links":{"self":[{"href":"https:\/\/diariodominicano.com\/index.php?rest_route=\/wp\/v2\/posts\/450942","targetHints":{"allow":["GET"]}}],"collection":[{"href":"https:\/\/diariodominicano.com\/index.php?rest_route=\/wp\/v2\/posts"}],"about":[{"href":"https:\/\/diariodominicano.com\/index.php?rest_route=\/wp\/v2\/types\/post"}],"author":[{"embeddable":true,"href":"https:\/\/diariodominicano.com\/index.php?rest_route=\/wp\/v2\/users\/28"}],"replies":[{"embeddable":true,"href":"https:\/\/diariodominicano.com\/index.php?rest_route=%2Fwp%2Fv2%2Fcomments&post=450942"}],"version-history":[{"count":1,"href":"https:\/\/diariodominicano.com\/index.php?rest_route=\/wp\/v2\/posts\/450942\/revisions"}],"predecessor-version":[{"id":450944,"href":"https:\/\/diariodominicano.com\/index.php?rest_route=\/wp\/v2\/posts\/450942\/revisions\/450944"}],"wp:featuredmedia":[{"embeddable":true,"href":"https:\/\/diariodominicano.com\/index.php?rest_route=\/wp\/v2\/media\/295291"}],"wp:attachment":[{"href":"https:\/\/diariodominicano.com\/index.php?rest_route=%2Fwp%2Fv2%2Fmedia&parent=450942"}],"wp:term":[{"taxonomy":"category","embeddable":true,"href":"https:\/\/diariodominicano.com\/index.php?rest_route=%2Fwp%2Fv2%2Fcategories&post=450942"},{"taxonomy":"post_tag","embeddable":true,"href":"https:\/\/diariodominicano.com\/index.php?rest_route=%2Fwp%2Fv2%2Ftags&post=450942"}],"curies":[{"name":"wp","href":"https:\/\/api.w.org\/{rel}","templated":true}]}}