{"id":45092,"date":"2019-03-23T09:17:25","date_gmt":"2019-03-23T09:17:25","guid":{"rendered":"http:\/\/diariodominicano.ddns.net\/?p=45092"},"modified":"2019-03-23T09:17:25","modified_gmt":"2019-03-23T09:17:25","slug":"jacinda-ardern-le-demuestra-a-trump-que-es-el-liderazgo","status":"publish","type":"post","link":"https:\/\/diariodominicano.com\/?p=45092","title":{"rendered":"Jacinda Ardern le demuestra a Trump qu\u00e9 es el liderazgo"},"content":{"rendered":"<p><body><\/p>\n<p><strong>Amy Goodman y Denis Moynihan<\/strong><\/p>\n<\/p>\n<p>Otro tiroteo en masa ha captado la atenci\u00f3n mundial. Un hombre armado con un arsenal de armas semiautom\u00e1ticas adquiridas legalmente irrumpi\u00f3 en dos mezquitas de Christchurch, Nueva Zelanda, y asesin\u00f3 brutalmente a 50 fieles musulmanes. El agresor, un australiano de 28 a\u00f1os de edad llamado Brenton Tarrant, transmiti\u00f3 en vivo su masacre v\u00eda Facebook, en un caso de uso distorsionado y enfermizo de las nuevas tecnolog\u00edas. El asesino, que aparentemente fue arrestado ileso, hab\u00eda publicado un manifiesto en internet antes de su ola de asesinatos, en el que se defini\u00f3 a s\u00ed mismo ?en una prosa err\u00e1tica? como un supremacista blanco comprometido. En el manifiesto expresa ser partidario del presidente Donald Trump, a quien considera \u00abun s\u00edmbolo de la identidad blanca renovada y de un prop\u00f3sito com\u00fan\u00bb, condena a muerte a los inmigrantes no blancos y usa contra ellos las palabras \u00abinvasores\u00bb e \u00abinvasi\u00f3n\u00bb m\u00e1s de 80 veces.<\/p>\n<\/p>\n<p>El mismo d\u00eda del ataque, Trump emiti\u00f3 el primer veto de su Gobierno, con el que anul\u00f3 la resoluci\u00f3n del Congreso contra la declaraci\u00f3n de emergencia nacional que pretende utilizar para financiar unilateralmente su muro fronterizo. Al momento de firmar, Trump, al igual que el agresor de Christchurch, tambi\u00e9n us\u00f3 la palabra \u00abinvasi\u00f3n\u00bb: \u00abEs una invasi\u00f3n de drogas, de criminales y de gente. Y, en muchos casos, son criminales de sangre fr\u00eda. Y en algunos o muchos casos, se trata de que est\u00e1n entrando asesinos y homicidas\u00bb.<\/p>\n<\/p>\n<p>El presidente Trump llam\u00f3 a la primera ministra de Nueva Zelanda, Jacinda Ardern, para expresarle sus condolencias. Ardern hizo los siguientes comentarios sobre la llamada: \u00abPregunt\u00f3 qu\u00e9 apoyo podr\u00eda brindar Estados Unidos. Mi mensaje fue ?compasi\u00f3n y amor para todas las comunidades musulmanas?\u00bb.<\/p>\n<\/p>\n<p>La mordaz respuesta de la primera ministra fue clara. Ese d\u00eda, al dirigirse a su naci\u00f3n en respuesta a la masacre, Ardern, la mujer jefa de Estado m\u00e1s joven del mundo con sus 38 a\u00f1os de edad, dijo: \u00abMuchas de las personas que se han visto directamente afectadas por este tiroteo podr\u00edan ser migrantes que han venido a Nueva Zelanda, o incluso personas refugiadas en nuestro pa\u00eds. Han elegido hacer de Nueva Zelanda su hogar, y este es su hogar. Ellos son nosotros. La persona que ha perpetrado esta violencia contra nosotros, no lo es. No tiene lugar en Nueva Zelanda\u00bb.<\/p>\n<\/p>\n<p>Contrastemos los comentarios de la primera ministra con las declaraciones de Trump tras la manifestaci\u00f3n del supremacismo blanco neonazi en Charlottesville, Virginia, en agosto de 2017, donde la activista antirracista Heather Heyer fue asesinada y muchas otras personas resultaron heridas. Varios d\u00edas despu\u00e9s de la manifestaci\u00f3n, Trump afirm\u00f3 a la prensa: \u00abHay buenas personas en ambos lados\u00bb.<\/p>\n<\/p>\n<p>El viernes, la primera ministra de Nueva Zelanda Ardern inmediatamente calific\u00f3 de \u00abterrorismo\u00bb al ataque supremacista y alab\u00f3 la diversidad que el agresor intent\u00f3 destruir: \u00abSomos una naci\u00f3n de 200 etnias y 160 idiomas. Abrimos nuestras puertas a los dem\u00e1s y les decimos ?bienvenidos?. Deseamos que todos los miembros de nuestras comunidades tambi\u00e9n se sientan seguros. Seguridad implica estar libre del temor a la violencia. Pero tambi\u00e9n significa estar libre del temor de esos sentimientos de racismo y odio que generan un lugar donde la violencia puede prosperar. Y cada uno de nosotros tiene el poder de cambiar eso\u00bb.<\/p>\n<\/p>\n<p>El fin de semana posterior al tiroteo en masa de Christchurch, Trump public\u00f3 m\u00e1s de 20 tuits, sin volver a mencionar la masacre. En su lugar, atac\u00f3 a todos; desde el fallecido senador John McCain a su propia cadena televisiva favorita, Fox News. Trump estaba molesto porque Fox hab\u00eda suspendido a la presentadora Jeanine Pirro, luego de que ella atacara a la congresista de Minnesota Ilhan Omar por usar hiyab. Omar es la primera integrante del Congreso en usar uno.<\/p>\n<\/p>\n<p>Khaled Beydoun es el autor del libro \u00abAmerican Islamophobia: Understanding the Roots and Rise of Fear\u00bb (Islamofobia estadounidense: c\u00f3mo comprender las ra\u00edces y el aumento del miedo). En una entrevista para Democracy Now!, afirm\u00f3: \u00abEste tipo de ret\u00f3rica que vemos de los supremacistas blancos que est\u00e1n en el poder, como el presidente Trump, ya sean frases como &#8216;el Islam nos odia&#8217; o el uso de palabras disparadoras de alerta como &#8216;invasi\u00f3n&#8217;, esto est\u00e1 envalentonando a terroristas como el de Nueva Zelanda, en Christchurch\u00bb.<\/p>\n<\/p>\n<p>El profesor Beydoun quer\u00eda redirigir la atenci\u00f3n de los medios, enfocada en el agresor, hacia las v\u00edctimas. Comenz\u00f3 a publicar nombres, fotograf\u00edas y datos personales de algunas de las v\u00edctimas en Twitter. \u00abEran personas que ten\u00edan sus vidas. Eran ni\u00f1os peque\u00f1os de tres a\u00f1os, como se mencion\u00f3 anteriormente, como Mucad Ibrahim. Eran individuos que ten\u00edan 72 a\u00f1os de edad, como Sayeed Nabi, quien fue la primera v\u00edctima identificada, que estaba de pie en la puerta, y fue quien recibi\u00f3 al terrorista en la mezquita. As\u00ed que intent\u00e9, en la medida de lo posible, mostrar qui\u00e9nes eran estas personas, ilustrando historias que muestran que estas personas eran mucho m\u00e1s que simples estad\u00edsticas\u00bb.<\/p>\n<\/p>\n<p>Cuando la primera ministra Ardern sali\u00f3 a consolar a los dolientes, llevaba un hiyab. Y, en solo seis d\u00edas, lider\u00f3 el movimiento para cambiar las leyes de armas de fuego de su pa\u00eds. Mientras Nueva Zelanda est\u00e1 en duelo, ella se esfuerza por mantener la atenci\u00f3n en las 50 v\u00edctimas; en sus nombres, en sus vidas. El martes, en el Parlamento de Nueva Zelanda, manifest\u00f3 sobre el asesino: \u00abNunca me escuchar\u00e1n decir su nombre. Salam. La paz sea con ustedes, y la paz sea con todos nosotros\u00bb.<\/p>\n<\/p>\n<p>Columna22 DE MARZO DE 2019<\/p>\n<p>Column default<\/p>\n<p>EscucheOtros formatos<\/p>\n<p>Estas noticias son patrocinadas por nuestra audiencia.<\/p>\n<p>DONAR<\/p>\n<\/p>\n<p>\u00a9 2019 Amy Goodman<\/p>\n<\/p>\n<p>Traducci\u00f3n al espa\u00f1ol del texto en ingl\u00e9s: In\u00e9s Coira. Edici\u00f3n: Mar\u00eda Eva Blotta y Democracy Now! en espa\u00f1ol, spanish@democracynow.org<\/p>\n<\/p>\n<p>Amy Goodman es la conductora de Democracy Now!, un noticiero internacional que se emite diariamente en m\u00e1s de 800 emisoras de radio y televisi\u00f3n en ingl\u00e9s y en m\u00e1s de 450 en espa\u00f1ol. Es co-autora del libro \u00abLos que luchan contra el sistema: H\u00e9roes ordinarios en tiempos extraordinarios en Estados Unidos\u00bb, editado por Le Monde Diplomatique Cono Sur.<\/p>\n<\/p>\n<h6> 2019-03-23 09:17:25 <\/h6>\n<p><!--\n<link rel=\"stylesheet\" href=\"css\/bootstrap.min.css\">\n\n\n<ul class=\"pagination\">\n\t    \n\t\n\n<li >\n\t<a href='?page_no=783'>Previous<\/a>\n\t<\/li>\n\n\n       \n    \n\n<li><a href='?page_no=1'>1<\/a><\/li>\n\n\n\n<li><a href='?page_no=2'>2<\/a><\/li>\n\n\n\n<li><a>...<\/a><\/li>\n\n\n\n<li><a href='?page_no=782'>782<\/a><\/li>\n\n\n\n<li><a href='?page_no=783'>783<\/a><\/li>\n\n\n\n<li class='active'><a>784<\/a><\/li>\n\n\n\n<li><a href='?page_no=785'>785<\/a><\/li>\n\n\n\n<li><a href='?page_no=786'>786<\/a><\/li>\n\n\n\n<li><a>...<\/a><\/li>\n\n\n\n<li><a href='?page_no=13611'>13611<\/a><\/li>\n\n\n\n<li><a href='?page_no=13612'>13612<\/a><\/li>\n\n    \n\t\n\n<li >\n\t<a href='?page_no=785'>Next<\/a>\n\t<\/li>\n\n\n    \n\n<li><a href='?page_no=13612'>Last &rsaquo;&rsaquo;<\/a><\/li>\n\n<\/ul>\n\n\n--><br \/>\n<\/body><\/p>\n","protected":false},"excerpt":{"rendered":"<p>Amy Goodman y Denis Moynihan Otro tiroteo en masa ha captado la atenci\u00f3n mundial. Un hombre armado con un arsenal de armas semiautom\u00e1ticas adquiridas legalmente irrumpi\u00f3 en dos mezquitas de Christchurch, Nueva Zelanda, y asesin\u00f3 brutalmente a 50 fieles musulmanes. El agresor, un australiano de 28 a\u00f1os de edad llamado Brenton Tarrant, transmiti\u00f3 en vivo [&hellip;]<\/p>\n","protected":false},"author":3,"featured_media":0,"comment_status":"open","ping_status":"open","sticky":false,"template":"","format":"standard","meta":{"footnotes":""},"categories":[16],"tags":[],"class_list":["post-45092","post","type-post","status-publish","format-standard","hentry","category-opiniones"],"_links":{"self":[{"href":"https:\/\/diariodominicano.com\/index.php?rest_route=\/wp\/v2\/posts\/45092","targetHints":{"allow":["GET"]}}],"collection":[{"href":"https:\/\/diariodominicano.com\/index.php?rest_route=\/wp\/v2\/posts"}],"about":[{"href":"https:\/\/diariodominicano.com\/index.php?rest_route=\/wp\/v2\/types\/post"}],"author":[{"embeddable":true,"href":"https:\/\/diariodominicano.com\/index.php?rest_route=\/wp\/v2\/users\/3"}],"replies":[{"embeddable":true,"href":"https:\/\/diariodominicano.com\/index.php?rest_route=%2Fwp%2Fv2%2Fcomments&post=45092"}],"version-history":[{"count":0,"href":"https:\/\/diariodominicano.com\/index.php?rest_route=\/wp\/v2\/posts\/45092\/revisions"}],"wp:attachment":[{"href":"https:\/\/diariodominicano.com\/index.php?rest_route=%2Fwp%2Fv2%2Fmedia&parent=45092"}],"wp:term":[{"taxonomy":"category","embeddable":true,"href":"https:\/\/diariodominicano.com\/index.php?rest_route=%2Fwp%2Fv2%2Fcategories&post=45092"},{"taxonomy":"post_tag","embeddable":true,"href":"https:\/\/diariodominicano.com\/index.php?rest_route=%2Fwp%2Fv2%2Ftags&post=45092"}],"curies":[{"name":"wp","href":"https:\/\/api.w.org\/{rel}","templated":true}]}}