{"id":450903,"date":"2023-06-29T20:48:47","date_gmt":"2023-06-30T00:48:47","guid":{"rendered":"http:\/\/diariodominicano.com\/?p=450903"},"modified":"2023-06-29T20:48:47","modified_gmt":"2023-06-30T00:48:47","slug":"mata-hombre-en-subway-ny-y-dejan-victimario-libre-y-sin-cargos-miles-dominicanos-usan-trenes","status":"publish","type":"post","link":"https:\/\/diariodominicano.com\/?p=450903","title":{"rendered":"Mata hombre en subway NY y dejan victimario libre y sin cargos; miles dominicanos usan trenes"},"content":{"rendered":"\n<p><strong>Por Ram\u00f3n Mercedes<\/strong><\/p>\n\n\n\n<p><strong>NUEVA YORK.-<\/strong>&nbsp;Un gran jurado de Brooklyn se neg\u00f3 a acusar al afroamericano Jordan Williams, de 20 a\u00f1os, por el asesinato a pu\u00f1aladas de Devictor Ouedraogo, de 36 a\u00f1os, la noche del pasado d\u00eda 13 en un vag\u00f3n del tren J en Williamsburg en Brooklyn.<\/p>\n\n\n\n<p>Decenas de miles de dominicanos en esta ciudad utilizan diariamente las diferentes l\u00edneas de trenes.<\/p>\n\n\n\n<p>Despu\u00e9s que Williams fuera acusado, su abogado, Jason Goldman, calific\u00f3 \u201ccomo un caso de clara defensa propia\u00bb.<\/p>\n\n\n\n<p>El gran jurado pareci\u00f3 estar de acuerdo, y el mi\u00e9rcoles la Oficina del Fiscal del Distrito de Brooklyn desestim\u00f3 la acusaci\u00f3n contra Williams, que inclu\u00edan cargos de homicidio involuntario y posesi\u00f3n criminal de un arma.<\/p>\n\n\n\n<p>\u201cNuestra oficina llev\u00f3 a cabo una investigaci\u00f3n imparcial y exhaustiva de este tr\u00e1gico caso, que incluy\u00f3 la revisi\u00f3n de m\u00faltiples videos y entrevistas con todos los testigos disponibles, y esa evidencia se present\u00f3 de manera justa ante un gran jurado\u201d, dijo en un comunicado la oficina del fiscal Eric Gonz\u00e1lez.<\/p>\n\n\n\n<p>\u00abSeg\u00fan la ley de NY\u00bb, continu\u00f3 la declaraci\u00f3n, \u00abuna persona est\u00e1 justificada en el uso de la fuerza f\u00edsica letal cuando cree razonablemente que es necesario usarla para defenderse a s\u00ed misma o a otros, del uso inminente de la fuerza f\u00edsica letal o ilegal\u00bb.<\/p>\n\n\n\n<p>El caso, que involucra un encuentro mortal en el metro y afirmaciones de defensa propia, ha generado comparaciones con el caso del anglosaj\u00f3n Daniel Penny, que acaba de ser procesado en el Tribunal Penal de Manhattan por cargos de homicidio involuntario en segundo grado y homicidio por negligencia criminal.<\/p>\n\n\n\n<p>Estos cargos son por la muerte con una llave de estrangulamiento el pasado 1 de mayo a Jordan Neely, un ex m\u00fasico callejero del metro que, seg\u00fan los fiscales, estaba \u00abamenazando y asustando a los pasajeros\u00bb en un tren F en SoHo.<\/p>\n\n\n\n<p>Neely ten\u00eda un historial violento, incluido un asalto en 2021 a una mujer de 67 a\u00f1os en una estaci\u00f3n de metro.<\/p>\n\n\n\n<p>Los cr\u00edticos de la decisi\u00f3n de procesar a Penny han calificado la medida de pol\u00edtica y creen que actu\u00f3 en defensa propia o para proteger a otros pasajeros.<\/p>\n","protected":false},"excerpt":{"rendered":"<p>Por Ram\u00f3n Mercedes NUEVA YORK.-&nbsp;Un gran jurado de Brooklyn se neg\u00f3 a acusar al afroamericano Jordan Williams, de 20 a\u00f1os, por el asesinato a pu\u00f1aladas de Devictor Ouedraogo, de 36 a\u00f1os, la noche del pasado d\u00eda 13 en un vag\u00f3n del tren J en Williamsburg en Brooklyn. Decenas de miles de dominicanos en esta ciudad [&hellip;]<\/p>\n","protected":false},"author":28,"featured_media":450904,"comment_status":"closed","ping_status":"","sticky":true,"template":"","format":"standard","meta":{"footnotes":""},"categories":[23,24,29,27],"tags":[],"class_list":["post-450903","post","type-post","status-publish","format-standard","has-post-thumbnail","hentry","category-internacional","category-justicia-y-derecho","category-policiasucesos","category-portada"],"_links":{"self":[{"href":"https:\/\/diariodominicano.com\/index.php?rest_route=\/wp\/v2\/posts\/450903","targetHints":{"allow":["GET"]}}],"collection":[{"href":"https:\/\/diariodominicano.com\/index.php?rest_route=\/wp\/v2\/posts"}],"about":[{"href":"https:\/\/diariodominicano.com\/index.php?rest_route=\/wp\/v2\/types\/post"}],"author":[{"embeddable":true,"href":"https:\/\/diariodominicano.com\/index.php?rest_route=\/wp\/v2\/users\/28"}],"replies":[{"embeddable":true,"href":"https:\/\/diariodominicano.com\/index.php?rest_route=%2Fwp%2Fv2%2Fcomments&post=450903"}],"version-history":[{"count":1,"href":"https:\/\/diariodominicano.com\/index.php?rest_route=\/wp\/v2\/posts\/450903\/revisions"}],"predecessor-version":[{"id":450905,"href":"https:\/\/diariodominicano.com\/index.php?rest_route=\/wp\/v2\/posts\/450903\/revisions\/450905"}],"wp:featuredmedia":[{"embeddable":true,"href":"https:\/\/diariodominicano.com\/index.php?rest_route=\/wp\/v2\/media\/450904"}],"wp:attachment":[{"href":"https:\/\/diariodominicano.com\/index.php?rest_route=%2Fwp%2Fv2%2Fmedia&parent=450903"}],"wp:term":[{"taxonomy":"category","embeddable":true,"href":"https:\/\/diariodominicano.com\/index.php?rest_route=%2Fwp%2Fv2%2Fcategories&post=450903"},{"taxonomy":"post_tag","embeddable":true,"href":"https:\/\/diariodominicano.com\/index.php?rest_route=%2Fwp%2Fv2%2Ftags&post=450903"}],"curies":[{"name":"wp","href":"https:\/\/api.w.org\/{rel}","templated":true}]}}