{"id":45081,"date":"2019-03-24T12:53:09","date_gmt":"2019-03-24T12:53:09","guid":{"rendered":"http:\/\/diariodominicano.ddns.net\/?p=45081"},"modified":"2019-03-24T12:53:09","modified_gmt":"2019-03-24T12:53:09","slug":"reeleccion-y-anti-reeleccion","status":"publish","type":"post","link":"https:\/\/diariodominicano.com\/?p=45081","title":{"rendered":"REELECCI\u00d3N Y ANTI-REELECCI\u00d3N"},"content":{"rendered":"<p><body><\/p>\n<p><strong>                                                                                                        Por Narciso Isa Conde<\/strong><\/p>\n<\/p>\n<\/p>\n<p>En el periodo post-tirano aqu\u00ed se entroniz\u00f3 -primero con Uni\u00f3n C\u00edvica Nacional, luego con el balaguerismo y m\u00e1s tarde con el PRD-PLD (despojados de bochismo y degradados moralmente)- una partidocracia corrompida asociada a un empresariado, viejo y nuevo, y a castas militares-policiales de similares cala\u00f1as.<\/p>\n<\/p>\n<p> De ese proceso result\u00f3 un sistema pol\u00edtico-institucional  que reproduce en espiral corrupci\u00f3n, abuso de poder, ilegitimidad, saqueo, coloniaje explotaci\u00f3n y sobre-explotaci\u00f3n; todo esto protegido por un blindaje judicial garante de una impunidad prolongada.<\/p>\n<\/p>\n<p>Este sistema perverso -perfeccionado constitucionalmente en el 2010 por Leonel Fern\u00e1ndez y asesores espa\u00f1oles- fue armado para facilitar tres formas de reelecci\u00f3n: la del presidente y su s\u00e9quito, la del partido  gobernante y la del propio sistema, aun con alternancia de partidos y rostros palaciegos. De paso tambi\u00e9n para facilitar la reelecci\u00f3n de una gran parte de los funcionarios electos y la permanencia de los no electos.<\/p>\n<\/p>\n<p>En el devenir, corrupci\u00f3n, impunidad, abuso de poder, sobre-explotaci\u00f3n y coloniaje-enmarcadas en la re-colonizaci\u00f3n neoliberal y dentro de una dictadura con formato seudo-liberal- ha devenido en sistema institucional bajo control de mafias diversas, una parte de ellas pol\u00edticamente articuladas y gestionadas por partidos convertidos en negocios, sujetos de inversi\u00f3n de capitales privados y dineros sucios con alt\u00edsima rentabilidad.<\/p>\n<\/p>\n<p>As\u00ed las cosas, la reelecci\u00f3n presidencial es un producto del sistema y el sistema es superior a ella: es su matriz generadora, a conveniencia o no de su estabilidad y permanencia.<\/p>\n<\/p>\n<p>En tales condiciones el anti-reeleccionismo presidencial que deja intacto el sistema descrito  y la institucionalidad vigente, cambia muy poco lo imperante y sirve para distender crisis oxigenar y reciclar estructuras que deben arrancarse de ra\u00edz.<\/p>\n<\/p>\n<p>Esto ha sido confirmado durante medio siglo de luchas pol\u00edticas y sociales; y luce tonto o peor insistir en formulas as\u00ed, en el curso de un combate como esta librando el pueblo verde por el fin del sistema de corrupci\u00f3n e impunidad.<\/p>\n<\/p>\n<p>Esto, adem\u00e1s, explica tanto el anti-reeleccionismo de Leonel Fern\u00e1ndez, Hip\u00f3lito y Abinader desde el PRM y asociados, como el de buscadores de cuotas dentro de esta institucionalidad; empe\u00f1ado todos en sustituir el discurso y el accionar contra la corrupci\u00f3n y la impunidad como sistema, por un movimiento electoralista concentrado en la no reelecci\u00f3n del Presidente Medina, dejando vigente este sistema infame.<\/p>\n<\/p>\n<p>Vale, pues, reivindicar la impugnaci\u00f3n de la reelecci\u00f3n en tres vertientes: al presidente Medina, al PLD y a esta institucionalidad podrida, incluido el rechazo a una facci\u00f3n de la partidocracia con pose opositora. (El Nacional, 24-03-19, santo domingo, RD)<\/p>\n<\/p>\n<h6> 2019-03-24 12:53:09 <\/h6>\n<p><!--\n<link rel=\"stylesheet\" href=\"css\/bootstrap.min.css\">\n\n\n<ul class=\"pagination\">\n\t    \n\t\n\n<li >\n\t<a href='?page_no=782'>Previous<\/a>\n\t<\/li>\n\n\n       \n    \n\n<li><a href='?page_no=1'>1<\/a><\/li>\n\n\n\n<li><a href='?page_no=2'>2<\/a><\/li>\n\n\n\n<li><a>...<\/a><\/li>\n\n\n\n<li><a href='?page_no=781'>781<\/a><\/li>\n\n\n\n<li><a href='?page_no=782'>782<\/a><\/li>\n\n\n\n<li class='active'><a>783<\/a><\/li>\n\n\n\n<li><a href='?page_no=784'>784<\/a><\/li>\n\n\n\n<li><a href='?page_no=785'>785<\/a><\/li>\n\n\n\n<li><a>...<\/a><\/li>\n\n\n\n<li><a href='?page_no=13611'>13611<\/a><\/li>\n\n\n\n<li><a href='?page_no=13612'>13612<\/a><\/li>\n\n    \n\t\n\n<li >\n\t<a href='?page_no=784'>Next<\/a>\n\t<\/li>\n\n\n    \n\n<li><a href='?page_no=13612'>Last &rsaquo;&rsaquo;<\/a><\/li>\n\n<\/ul>\n\n\n--><br \/>\n<\/body><\/p>\n","protected":false},"excerpt":{"rendered":"<p>Por Narciso Isa Conde En el periodo post-tirano aqu\u00ed se entroniz\u00f3 -primero con Uni\u00f3n C\u00edvica Nacional, luego con el balaguerismo y m\u00e1s tarde con el PRD-PLD (despojados de bochismo y degradados moralmente)- una partidocracia corrompida asociada a un empresariado, viejo y nuevo, y a castas militares-policiales de similares cala\u00f1as. De ese proceso result\u00f3 un sistema [&hellip;]<\/p>\n","protected":false},"author":3,"featured_media":0,"comment_status":"open","ping_status":"open","sticky":false,"template":"","format":"standard","meta":{"footnotes":""},"categories":[16],"tags":[],"class_list":["post-45081","post","type-post","status-publish","format-standard","hentry","category-opiniones"],"_links":{"self":[{"href":"https:\/\/diariodominicano.com\/index.php?rest_route=\/wp\/v2\/posts\/45081","targetHints":{"allow":["GET"]}}],"collection":[{"href":"https:\/\/diariodominicano.com\/index.php?rest_route=\/wp\/v2\/posts"}],"about":[{"href":"https:\/\/diariodominicano.com\/index.php?rest_route=\/wp\/v2\/types\/post"}],"author":[{"embeddable":true,"href":"https:\/\/diariodominicano.com\/index.php?rest_route=\/wp\/v2\/users\/3"}],"replies":[{"embeddable":true,"href":"https:\/\/diariodominicano.com\/index.php?rest_route=%2Fwp%2Fv2%2Fcomments&post=45081"}],"version-history":[{"count":0,"href":"https:\/\/diariodominicano.com\/index.php?rest_route=\/wp\/v2\/posts\/45081\/revisions"}],"wp:attachment":[{"href":"https:\/\/diariodominicano.com\/index.php?rest_route=%2Fwp%2Fv2%2Fmedia&parent=45081"}],"wp:term":[{"taxonomy":"category","embeddable":true,"href":"https:\/\/diariodominicano.com\/index.php?rest_route=%2Fwp%2Fv2%2Fcategories&post=45081"},{"taxonomy":"post_tag","embeddable":true,"href":"https:\/\/diariodominicano.com\/index.php?rest_route=%2Fwp%2Fv2%2Ftags&post=45081"}],"curies":[{"name":"wp","href":"https:\/\/api.w.org\/{rel}","templated":true}]}}