{"id":450739,"date":"2023-06-29T08:29:10","date_gmt":"2023-06-29T12:29:10","guid":{"rendered":"http:\/\/diariodominicano.com\/?p=450739"},"modified":"2023-06-29T09:28:44","modified_gmt":"2023-06-29T13:28:44","slug":"pld-celebra-natalicio-de-juan-bosch-y-dia-de-la-confraternidad-peledeista","status":"publish","type":"post","link":"https:\/\/diariodominicano.com\/?p=450739","title":{"rendered":"PLD celebra natalicio de Juan Bosch y D\u00eda de la Confraternidad Pelede\u00edsta"},"content":{"rendered":"\n<p>Profesor Juan Bosch<\/p>\n\n\n\n<p><em>En el 114 aniversario del natalicio del Profesor Juan Bosch, el PLD anuncia Ofrenda Floral el jueves en su sede nacional en la tarde y el viernes varias actividades en La Vega desde las 10.00 a.m.&nbsp;<\/em><\/p>\n\n\n\n<p><strong>El Partido de la Liberaci\u00f3n Dominicana (PLD)<\/strong>&nbsp;en la celebraci\u00f3n &nbsp;el 114 aniversario del nacimiento de su l\u00edder hist\u00f3rico, profesor Juan Bosch, que es tambi\u00e9n el D\u00eda de la Confraternidad Pelede\u00edsta, program\u00f3 actos para ser realizados en su sede nacional y en La Vega, lugar de nacimiento del ex presidente de la Rep\u00fablica, en donde tambi\u00e9n descansan sus restos . &nbsp;<\/p>\n\n\n\n<p>Este jueves, 29 de junio, &nbsp;a partir de las cinco de la tarde la Direcci\u00f3n del PLD en el Distrito Nacional, de forma conjunta con la Comisi\u00f3n de Celebraciones y Conmemoraciones ha organizado una Ofrenda Floral ante el busto de Bosch en los jardines de la Casa Nacional Reinaldo Pared P\u00e9rez.<\/p>\n\n\n\n<p>Representaci\u00f3n de las tres circunscripciones del PLD en la capital estar\u00e1n &nbsp;presentes en la actividad en tributo al fundador y l\u00edder hist\u00f3rico pelede\u00edsta.<\/p>\n\n\n\n<p>El viernes, que es la fecha del natalicio de Don Juan, &nbsp;se realizar\u00e1n una serie de actividades en La Vega, su ciudad natal, primero una Eucarist\u00eda &nbsp;en Catedral Inmaculada Concepci\u00f3n a las 10 de la ma\u00f1ana, luego una Marcha por las calles veganas con flores en mano para una ofrenda al Profesor Juan Bosch &nbsp;ante su tumba en el Cementerio Ornamental.<\/p>\n\n\n\n<p>Al igual que estas actividades, desde los comit\u00e9s provinciales y municipales y de seccionales en el exterior, &nbsp;se informa de la organizaci\u00f3n de conversatorios y encuentros, celebrando el D\u00eda de la Confraternidad Pelede\u00edsta.<\/p>\n\n\n\n<p><strong>SECRETAR\u00cdA DE COMUNICACIONES<\/strong><\/p>\n\n\n\n<p><strong>28 DE JUNIO, 2023.-<\/strong><\/p>\n","protected":false},"excerpt":{"rendered":"<p>Profesor Juan Bosch En el 114 aniversario del natalicio del Profesor Juan Bosch, el PLD anuncia Ofrenda Floral el jueves en su sede nacional en la tarde y el viernes varias actividades en La Vega desde las 10.00 a.m.&nbsp; El Partido de la Liberaci\u00f3n Dominicana (PLD)&nbsp;en la celebraci\u00f3n &nbsp;el 114 aniversario del nacimiento de su [&hellip;]<\/p>\n","protected":false},"author":28,"featured_media":450740,"comment_status":"closed","ping_status":"","sticky":true,"template":"","format":"standard","meta":{"footnotes":""},"categories":[36,22,27],"tags":[],"class_list":["post-450739","post","type-post","status-publish","format-standard","has-post-thumbnail","hentry","category-hombresmujeresycosas","category-politica","category-portada"],"_links":{"self":[{"href":"https:\/\/diariodominicano.com\/index.php?rest_route=\/wp\/v2\/posts\/450739","targetHints":{"allow":["GET"]}}],"collection":[{"href":"https:\/\/diariodominicano.com\/index.php?rest_route=\/wp\/v2\/posts"}],"about":[{"href":"https:\/\/diariodominicano.com\/index.php?rest_route=\/wp\/v2\/types\/post"}],"author":[{"embeddable":true,"href":"https:\/\/diariodominicano.com\/index.php?rest_route=\/wp\/v2\/users\/28"}],"replies":[{"embeddable":true,"href":"https:\/\/diariodominicano.com\/index.php?rest_route=%2Fwp%2Fv2%2Fcomments&post=450739"}],"version-history":[{"count":2,"href":"https:\/\/diariodominicano.com\/index.php?rest_route=\/wp\/v2\/posts\/450739\/revisions"}],"predecessor-version":[{"id":450742,"href":"https:\/\/diariodominicano.com\/index.php?rest_route=\/wp\/v2\/posts\/450739\/revisions\/450742"}],"wp:featuredmedia":[{"embeddable":true,"href":"https:\/\/diariodominicano.com\/index.php?rest_route=\/wp\/v2\/media\/450740"}],"wp:attachment":[{"href":"https:\/\/diariodominicano.com\/index.php?rest_route=%2Fwp%2Fv2%2Fmedia&parent=450739"}],"wp:term":[{"taxonomy":"category","embeddable":true,"href":"https:\/\/diariodominicano.com\/index.php?rest_route=%2Fwp%2Fv2%2Fcategories&post=450739"},{"taxonomy":"post_tag","embeddable":true,"href":"https:\/\/diariodominicano.com\/index.php?rest_route=%2Fwp%2Fv2%2Ftags&post=450739"}],"curies":[{"name":"wp","href":"https:\/\/api.w.org\/{rel}","templated":true}]}}