{"id":450705,"date":"2023-06-29T00:19:30","date_gmt":"2023-06-29T04:19:30","guid":{"rendered":"http:\/\/diariodominicano.com\/?p=450705"},"modified":"2023-06-29T00:19:56","modified_gmt":"2023-06-29T04:19:56","slug":"la-fiscalia-del-distrito-logra-condena-de-10-anos-de-prision-contra-banda-de-atracadores-que-mantenian-en-zozobra-sector-villas-agricolas","status":"publish","type":"post","link":"https:\/\/diariodominicano.com\/?p=450705","title":{"rendered":"La Fiscal\u00eda del Distrito Nacional logra condena de 10 a\u00f1os de prisi\u00f3n contra banda de atracadores que manten\u00edan en zozobra sector Villas Agr\u00edcolas"},"content":{"rendered":"\n<p>SANTO DOMINGO, Rep\u00fablica Dominicana.- Los jueces del Cuarto Tribunal Colegiado del Distrito Nacional condenaron a\u00a0 10 a\u00f1os de prisi\u00f3n a cuatro miembros de una banda de antisociales, integrada por los nombrados Ronny S\u00e1nchez V\u00e1squez, Jean Carlos Bello, Dayoni Mer\u00e1n Zabala y Adonis Osvaldo Col\u00f3n, quienes, seg\u00fan la acusaci\u00f3n del\u00a0 Ministerio P\u00fablico, manten\u00edan en zozobra a los moradores del sector Villas Agr\u00edcolas, en el Distrito Nacional.\u00a0<\/p>\n\n\n\n<p>El tribunal, integrado por los magistrados Keila P\u00e9rez Santana, El\u00edas Santini y Arisleida M\u00e9ndez, envi\u00f3 a los tres primeros al penal de La Victoria a cumplir la pena de 10 a\u00f1os y a Adonis Osvaldo Col\u00f3n al Centro de Correcci\u00f3n y Rehabilitaci\u00f3n Najayo-Hombres, en San Crist\u00f3bal, luego de valorar todas las pruebas periciales, documentales y testimoniales presentadas por la fiscal litigante Leydi Nayra Garc\u00eda.<\/p>\n\n\n\n<p>El expediente instrumentado por la Fiscal\u00eda del Distrito Nacional detalla que el 12 de septiembre de 2022, alrededor de las 12:00 de la medianoche, los cuatro atracadores y un menor de 15 a\u00f1os de edad, no identificado, atracaron a punta de pistola a los ciudadanos Jhon Michael Reynoso Suero, Whitnye Shanelle Montalvo Nolasco y Elle Josefina Rosario Nolasco.<\/p>\n\n\n\n<p>Al momento del hecho, Jhon Michael transitaba junto a su novia Elle Josefina Rosario Nolasco y una cu\u00f1ada a bordo de una motocicleta marca Suzuki, modelo AX-100, color rojo, por la avenida Nicol\u00e1s de Ovando y, al llegar a la esquina con la avenida Duarte, sector Villas Agr\u00edcolas, fueron interceptados por dos carros marca Hyundai, modelo Sonata, uno gris y otro color Naranja, que le cerraron el paso y los derribaron al pavimento.<\/p>\n\n\n\n<p>Seg\u00fan narraron las victimas en el tribunal, acto seguido los cinco atracadores, armados de pistolas los rodearon, los golpearon y amenazaron de muerte y los despojaron de la motocicleta, tres celulares de distintas marcas y una cartera negra con $9,000 pesos en efectivo, y una gorra color marr\u00f3n, entre otras pertenencias.<\/p>\n\n\n\n<p>Indicaron que luego de ocurrir el asalto, las v\u00edctimas se trasladaron a cuartel policial del Ensanche Luper\u00f3n, donde varios investigadores les mostraron fotograf\u00edas de delincuentes fichados por cometer robos violentos en la zona, logrando identificar a Ronny S\u00e1nchez V\u00e1squez, Jean Carlos Bello, Dayoni Meran Zabala y Adonis Osvaldo Col\u00f3n, como las personas que los atracaron.<\/p>\n\n\n\n<p>La Fiscal\u00eda del Distrito Nacional otorg\u00f3 al presente caso la calificaci\u00f3n jur\u00eddica de \u201cRobo agravado con violencia y porte ilegal de armas de fuego\u201d, delitos previstos y tipificados por los art\u00edculos 265, 266, 379, 382 y 385 del C\u00f3digo Penal Dominicano, as\u00ed como los art\u00edculos 66 y 67 de la Ley 631-16 que regula el uso y control de armas en la Republica Dominicana.<\/p>\n\n\n\n<p><strong>Direcci\u00f3n General de Comunicaci\u00f3n, Prensa, y RRPP<\/strong><\/p>\n\n\n\n<p>Ministerio P\u00fablico.&nbsp;R.D.<\/p>\n\n\n\n<p>Mi\u00e9rcoles, 28 de junio de 2023.<\/p>\n","protected":false},"excerpt":{"rendered":"<p>SANTO DOMINGO, Rep\u00fablica Dominicana.- Los jueces del Cuarto Tribunal Colegiado del Distrito Nacional condenaron a\u00a0 10 a\u00f1os de prisi\u00f3n a cuatro miembros de una banda de antisociales, integrada por los nombrados Ronny S\u00e1nchez V\u00e1squez, Jean Carlos Bello, Dayoni Mer\u00e1n Zabala y Adonis Osvaldo Col\u00f3n, quienes, seg\u00fan la acusaci\u00f3n del\u00a0 Ministerio P\u00fablico, manten\u00edan en zozobra a [&hellip;]<\/p>\n","protected":false},"author":28,"featured_media":329468,"comment_status":"closed","ping_status":"","sticky":false,"template":"","format":"standard","meta":{"footnotes":""},"categories":[24,29],"tags":[],"class_list":["post-450705","post","type-post","status-publish","format-standard","has-post-thumbnail","hentry","category-justicia-y-derecho","category-policiasucesos"],"_links":{"self":[{"href":"https:\/\/diariodominicano.com\/index.php?rest_route=\/wp\/v2\/posts\/450705","targetHints":{"allow":["GET"]}}],"collection":[{"href":"https:\/\/diariodominicano.com\/index.php?rest_route=\/wp\/v2\/posts"}],"about":[{"href":"https:\/\/diariodominicano.com\/index.php?rest_route=\/wp\/v2\/types\/post"}],"author":[{"embeddable":true,"href":"https:\/\/diariodominicano.com\/index.php?rest_route=\/wp\/v2\/users\/28"}],"replies":[{"embeddable":true,"href":"https:\/\/diariodominicano.com\/index.php?rest_route=%2Fwp%2Fv2%2Fcomments&post=450705"}],"version-history":[{"count":2,"href":"https:\/\/diariodominicano.com\/index.php?rest_route=\/wp\/v2\/posts\/450705\/revisions"}],"predecessor-version":[{"id":450707,"href":"https:\/\/diariodominicano.com\/index.php?rest_route=\/wp\/v2\/posts\/450705\/revisions\/450707"}],"wp:featuredmedia":[{"embeddable":true,"href":"https:\/\/diariodominicano.com\/index.php?rest_route=\/wp\/v2\/media\/329468"}],"wp:attachment":[{"href":"https:\/\/diariodominicano.com\/index.php?rest_route=%2Fwp%2Fv2%2Fmedia&parent=450705"}],"wp:term":[{"taxonomy":"category","embeddable":true,"href":"https:\/\/diariodominicano.com\/index.php?rest_route=%2Fwp%2Fv2%2Fcategories&post=450705"},{"taxonomy":"post_tag","embeddable":true,"href":"https:\/\/diariodominicano.com\/index.php?rest_route=%2Fwp%2Fv2%2Ftags&post=450705"}],"curies":[{"name":"wp","href":"https:\/\/api.w.org\/{rel}","templated":true}]}}