{"id":45070,"date":"2019-03-24T12:55:24","date_gmt":"2019-03-24T12:55:24","guid":{"rendered":"http:\/\/diariodominicano.ddns.net\/?p=45070"},"modified":"2019-03-24T12:55:24","modified_gmt":"2019-03-24T12:55:24","slug":"algo-mas-que-palabrassin-miedo-a-nada","status":"publish","type":"post","link":"https:\/\/diariodominicano.com\/?p=45070","title":{"rendered":"ALGO M\u00c1S QUE PALABRAS&#13;&#13;SIN MIEDO A NADA"},"content":{"rendered":"<p><body><\/p>\n<p><strong>\u00abNo hay mayor bienestar que gozar de un sano equilibrio interno, que me facilite poder dormir con entereza y despertarme con quietud\u00bb. <\/strong><\/p>\n<\/p>\n<p>========================<\/p>\n<p>V\u00edctor Corcoba Herrero\/ Escritor<\/p>\n<p>corcoba@telefonica.net<\/p>\n<p>=========================<\/p>\n<\/p>\n<p>\tReconozco que me entusiasman aquellas gentes que viven con los ojos abiertos al mundo, abrazados a los m\u00e1s d\u00e9biles, dispuestos siempre al encuentro, tanto de las personas entre s\u00ed como de \u00e9stas con la naturaleza, para poder sumar h\u00e1bitos diversos, desde la consideraci\u00f3n por las diferencias y la estima permanente. No siempre depende de nosotros ser como somos; son muchas las influencias externas, pero invariablemente est\u00e1 en nuestras manos reflexionar, sentirnos aut\u00f3nomos, hacer respetar nuestra identidad humana, nuestros modales, nuestra manera de vivir y actuar en suma. Ya est\u00e1 bien de dejarnos adoctrinar por ese c\u00famulo de redes sociales que se usan como una plataforma para la intolerancia, o entrar en sinton\u00eda con discursos mezquinos, que nos dejan sin nervio y sin verbo, porque su abecedario es un aut\u00e9ntico reguero de p\u00f3lvora. A\u00fan as\u00ed, no podemos caminar a merced del miedo, hemos de ser ciudadanos de valor y de valent\u00eda, dispuestos siempre a imprimir coraje all\u00e1 donde hay desolaci\u00f3n, sin recelo alguno a desarrollar nuestra libertad interna, como puede ser la de pensamiento. Pensar ante todo es un deber y tambi\u00e9n una responsabilidad de cada cual consigo mismo. Pobre sociedad aquella que no medita, que no sabe innovar, dif\u00edcilmente puede avanzar abri\u00e9ndose a la vida, queri\u00e9ndose y entusiasm\u00e1ndose sus moradores.  <\/p>\n<\/p>\n<p>\tTampoco podemos subordinarnos a la desconfianza entre an\u00e1logos, y continuar haciendo ruta sobre el camino de las lamentaciones. Lo importante es rehacerse, ganar fortaleza y no tener p\u00e1nico a las sorpresas. Quiz\u00e1s tengamos que tener una actitud prudente, pero jam\u00e1s el temor puede anularnos. S\u00e9 que la batalla no es f\u00e1cil, m\u00e1xime cuando vemos que tenemos una econom\u00eda insensible, que discrimina, que deja a muchos seres humanos sin oportunidades para realizarse, y lo que es peor sin esperanza alguna, puesto que ning\u00fan l\u00edder o instituci\u00f3n sintoniza con sus problemas. Ante esta bochornosa situaci\u00f3n, es l\u00f3gico y normal que se apodere de buena parte de la colectividad el desaliento. Hoy las palabras por s\u00ed mismas no son suficientes, se requieren actuaciones concretas e incluyentes, que nos insten a devolver a la ciudadan\u00eda el anhelo por vivir, m\u00e1s all\u00e1 de las incertidumbres y de los pesares, ya que el desasosiego nos enferma y la falta de empuje tambi\u00e9n nos lastima. Por consiguiente, la marca global m\u00e1s vendida hoy en d\u00eda no puede ser la angustia del caminante, sino el gozo por caminar y hacerlo como el aire m\u00e1s puro, que es lo que realmente nos ayuda a no caer en un paseo superficial y de divertimento irrespetuoso. Al fin y al cabo, lo fundamental es perder el miedo a fracasar, o el borrar de la memoria pasar por la vida concibiendo el sufrimiento que produce la espera de un mal al que no merece la pena prestarle atenci\u00f3n. Las cosas que han de producirse llegan porque si, y a lo mejor uno ya tampoco es el que era cuando nos sobrevienen.<\/p>\n<\/p>\n<p>\tEn demasiadas ocasiones, olvidamos que uno necesita recrearse, pero tambi\u00e9n crecer moralmente sin agobio. Lo que sucede es que este progreso actual, vertido en manos equivocadas, no contribuye para nada al crecimiento del ser interior, convirti\u00e9ndose los avances en una verdadera amenaza, o si quieren de retroceso de la especie, tanto para el ser humano como para su distintivo h\u00e1bitat. En consecuencia, siempre debemos reaccionar con la atenta escucha que resuena en la conciencia de todo individuo, por enemistado que est\u00e9 consigo mismo. Tal vez debamos utilizar nuestras innatas energ\u00edas, las muchas o pocas que poseamos, por mejorar el contexto m\u00e1s cercano que tengamos, perdiendo esa aprensi\u00f3n interior a lo desconocido que nada suele tener que ver con la realidad. Desde luego, para m\u00ed no hay mayor bienestar que gozar de un sano equilibrio interno, que me facilite poder dormir con entereza y despertarme con quietud. Por ello, lo mejor es que cada cual se interrogue y de nombre a sus miedos. S\u00f3lo reconoci\u00e9ndolos se puede afrontar algo, sin obviar el abrirse a los dem\u00e1s, y as\u00ed unidos, poder destruir y demoler las barreras del ego\u00edsmo, con la ilusi\u00f3n de injertar una atm\u00f3sfera nueva, despojada de venganzas y de cruces reinventadas por nosotros mismos con nuestras torpes labores. No nos inmovilice, pues, la siembra de terror de algunos. Pongamos coraz\u00f3n sobre todo lo dem\u00e1s y abramos las puertas del alma sin cobard\u00eda. Despoj\u00e9monos de pesadillas, con  el temple de la mirada que acaricia. Que el amor todo lo salva con sus salves. <\/p>\n<\/p>\n<p>V\u00edctor Corcoba Herrero\/ Escritor<\/p>\n<p>corcoba@telefonica.net<\/p>\n<p>24 de marzo de 2019<\/p>\n<h6> 2019-03-24 12:55:24 <\/h6>\n<p><!--\n<link rel=\"stylesheet\" href=\"css\/bootstrap.min.css\">\n\n\n<ul class=\"pagination\">\n\t    \n\t\n\n<li >\n\t<a href='?page_no=781'>Previous<\/a>\n\t<\/li>\n\n\n       \n    \n\n<li><a href='?page_no=1'>1<\/a><\/li>\n\n\n\n<li><a href='?page_no=2'>2<\/a><\/li>\n\n\n\n<li><a>...<\/a><\/li>\n\n\n\n<li><a href='?page_no=780'>780<\/a><\/li>\n\n\n\n<li><a href='?page_no=781'>781<\/a><\/li>\n\n\n\n<li class='active'><a>782<\/a><\/li>\n\n\n\n<li><a href='?page_no=783'>783<\/a><\/li>\n\n\n\n<li><a href='?page_no=784'>784<\/a><\/li>\n\n\n\n<li><a>...<\/a><\/li>\n\n\n\n<li><a href='?page_no=13611'>13611<\/a><\/li>\n\n\n\n<li><a href='?page_no=13612'>13612<\/a><\/li>\n\n    \n\t\n\n<li >\n\t<a href='?page_no=783'>Next<\/a>\n\t<\/li>\n\n\n    \n\n<li><a href='?page_no=13612'>Last &rsaquo;&rsaquo;<\/a><\/li>\n\n<\/ul>\n\n\n--><br \/>\n<\/body><\/p>\n","protected":false},"excerpt":{"rendered":"<p>\u00abNo hay mayor bienestar que gozar de un sano equilibrio interno, que me facilite poder dormir con entereza y despertarme con quietud\u00bb. ======================== V\u00edctor Corcoba Herrero\/ Escritor corcoba@telefonica.net ========================= Reconozco que me entusiasman aquellas gentes que viven con los ojos abiertos al mundo, abrazados a los m\u00e1s d\u00e9biles, dispuestos siempre al encuentro, tanto de las [&hellip;]<\/p>\n","protected":false},"author":3,"featured_media":0,"comment_status":"open","ping_status":"open","sticky":false,"template":"","format":"standard","meta":{"footnotes":""},"categories":[16],"tags":[],"class_list":["post-45070","post","type-post","status-publish","format-standard","hentry","category-opiniones"],"_links":{"self":[{"href":"https:\/\/diariodominicano.com\/index.php?rest_route=\/wp\/v2\/posts\/45070","targetHints":{"allow":["GET"]}}],"collection":[{"href":"https:\/\/diariodominicano.com\/index.php?rest_route=\/wp\/v2\/posts"}],"about":[{"href":"https:\/\/diariodominicano.com\/index.php?rest_route=\/wp\/v2\/types\/post"}],"author":[{"embeddable":true,"href":"https:\/\/diariodominicano.com\/index.php?rest_route=\/wp\/v2\/users\/3"}],"replies":[{"embeddable":true,"href":"https:\/\/diariodominicano.com\/index.php?rest_route=%2Fwp%2Fv2%2Fcomments&post=45070"}],"version-history":[{"count":0,"href":"https:\/\/diariodominicano.com\/index.php?rest_route=\/wp\/v2\/posts\/45070\/revisions"}],"wp:attachment":[{"href":"https:\/\/diariodominicano.com\/index.php?rest_route=%2Fwp%2Fv2%2Fmedia&parent=45070"}],"wp:term":[{"taxonomy":"category","embeddable":true,"href":"https:\/\/diariodominicano.com\/index.php?rest_route=%2Fwp%2Fv2%2Fcategories&post=45070"},{"taxonomy":"post_tag","embeddable":true,"href":"https:\/\/diariodominicano.com\/index.php?rest_route=%2Fwp%2Fv2%2Ftags&post=45070"}],"curies":[{"name":"wp","href":"https:\/\/api.w.org\/{rel}","templated":true}]}}