{"id":450694,"date":"2023-06-29T00:04:33","date_gmt":"2023-06-29T04:04:33","guid":{"rendered":"http:\/\/diariodominicano.com\/?p=450694"},"modified":"2023-06-29T00:06:11","modified_gmt":"2023-06-29T04:06:11","slug":"ministerio-publico-y-policia-nacional-arrestan-a-adrian-antonio-coronado-vidal-buscado-por-las-autoridades-de-estados-unidos","status":"publish","type":"post","link":"https:\/\/diariodominicano.com\/?p=450694","title":{"rendered":"Ministerio P\u00fablico y Polic\u00eda Nacional arrestan a Adri\u00e1n Antonio Coronado Vidal buscado por las autoridades de Estados Unidos"},"content":{"rendered":"\n<p> La ejecuci\u00f3n del arresto se hizo tras un allanamiento autorizado por la Coordinaci\u00f3n de los Juzgados de la Instrucci\u00f3n del Distrito Nacional, practicado en la residencia de Coronado Vidal, en el sector Arroyo Hondo, del Distrito Nacional.<\/p>\n\n\n\n<p>SANTO DOMINGO, Rep\u00fablica Dominicana.- La Procuradur\u00eda Especializada Antilavado de Activos y Financiamiento del Terrorismo dio colaboraci\u00f3n a la Divisi\u00f3n Especial de Investigaci\u00f3n del Crimen Organizado Internacional (DEICROI), de la Polic\u00eda Nacional, en raz\u00f3n una solicitud internacional de Captura Internacional del Bur\u00f3 Federal de Investigaciones (FBI), con sede en Oklahoma, ejecutando el arresto de Adri\u00e1n Antonio Coronado Vidal, con fines de deportaci\u00f3n.\u00a0<\/p>\n\n\n\n<p>El MP inform\u00f3 que la  ejecuci\u00f3n del arresto se hizo tras un allanamiento autorizado por la Coordinaci\u00f3n de los Juzgados de la Instrucci\u00f3n del Distrito Nacional, practicado en la residencia de Coronado Vidal, ubicada en el sector Arroyo Hondo, del Distrito Nacional, en donde se ocup\u00f3 adem\u00e1s, una arma de fuego sin documentos al d\u00eda, 394 c\u00e1psulas de pistolas 9 mil\u00edmetros y 380 mil\u00edmetros, as\u00ed\u00a0 como cargadores adicionales de 15 c\u00e1psulas y 2 cargadores de 30 c\u00e1psulas, de la pistola marca Glock, adem\u00e1s\u00a0 de silenciadores y aparatos electr\u00f3nicos.\u00a0<\/p>\n\n\n\n<p>Adri\u00e1n Antonio Coronado Vidal, conforme indica la nota del FBI, se escap\u00f3 de la justicia de Estados Unidos por un proceso acaecido en el a\u00f1o 2019, por narcotr\u00e1fico, y el cual se enfrentar\u00e1 a las autoridades de dicho pa\u00eds, tras ser deportado desde la Rep\u00fablica Dominicana, por orden escrita de la Direcci\u00f3n General de Migraci\u00f3n.&nbsp;&nbsp;<\/p>\n\n\n\n<p>En las pr\u00f3ximas horas, las autoridades del FBI, trasladar\u00e1n en calidad de deportado, hacia Estados Unidos a Adri\u00e1n Antonio Coronado Vidal.&nbsp;<\/p>\n\n\n\n<p><strong>Direcci\u00f3n General de Comunicaci\u00f3n, Prensa, y RRPP<\/strong><\/p>\n\n\n\n<p>Ministerio P\u00fablico.&nbsp;R.D.<\/p>\n\n\n\n<p>Mi\u00e9rcoles, 28 de junio de 2023.<\/p>\n","protected":false},"excerpt":{"rendered":"<p>La ejecuci\u00f3n del arresto se hizo tras un allanamiento autorizado por la Coordinaci\u00f3n de los Juzgados de la Instrucci\u00f3n del Distrito Nacional, practicado en la residencia de Coronado Vidal, en el sector Arroyo Hondo, del Distrito Nacional. SANTO DOMINGO, Rep\u00fablica Dominicana.- La Procuradur\u00eda Especializada Antilavado de Activos y Financiamiento del Terrorismo dio colaboraci\u00f3n a la [&hellip;]<\/p>\n","protected":false},"author":28,"featured_media":450695,"comment_status":"closed","ping_status":"","sticky":true,"template":"","format":"standard","meta":{"footnotes":""},"categories":[24,29,27],"tags":[],"class_list":["post-450694","post","type-post","status-publish","format-standard","has-post-thumbnail","hentry","category-justicia-y-derecho","category-policiasucesos","category-portada"],"_links":{"self":[{"href":"https:\/\/diariodominicano.com\/index.php?rest_route=\/wp\/v2\/posts\/450694","targetHints":{"allow":["GET"]}}],"collection":[{"href":"https:\/\/diariodominicano.com\/index.php?rest_route=\/wp\/v2\/posts"}],"about":[{"href":"https:\/\/diariodominicano.com\/index.php?rest_route=\/wp\/v2\/types\/post"}],"author":[{"embeddable":true,"href":"https:\/\/diariodominicano.com\/index.php?rest_route=\/wp\/v2\/users\/28"}],"replies":[{"embeddable":true,"href":"https:\/\/diariodominicano.com\/index.php?rest_route=%2Fwp%2Fv2%2Fcomments&post=450694"}],"version-history":[{"count":2,"href":"https:\/\/diariodominicano.com\/index.php?rest_route=\/wp\/v2\/posts\/450694\/revisions"}],"predecessor-version":[{"id":450697,"href":"https:\/\/diariodominicano.com\/index.php?rest_route=\/wp\/v2\/posts\/450694\/revisions\/450697"}],"wp:featuredmedia":[{"embeddable":true,"href":"https:\/\/diariodominicano.com\/index.php?rest_route=\/wp\/v2\/media\/450695"}],"wp:attachment":[{"href":"https:\/\/diariodominicano.com\/index.php?rest_route=%2Fwp%2Fv2%2Fmedia&parent=450694"}],"wp:term":[{"taxonomy":"category","embeddable":true,"href":"https:\/\/diariodominicano.com\/index.php?rest_route=%2Fwp%2Fv2%2Fcategories&post=450694"},{"taxonomy":"post_tag","embeddable":true,"href":"https:\/\/diariodominicano.com\/index.php?rest_route=%2Fwp%2Fv2%2Ftags&post=450694"}],"curies":[{"name":"wp","href":"https:\/\/api.w.org\/{rel}","templated":true}]}}