{"id":450660,"date":"2023-06-28T23:25:07","date_gmt":"2023-06-29T03:25:07","guid":{"rendered":"http:\/\/diariodominicano.com\/?p=450660"},"modified":"2023-06-28T23:25:07","modified_gmt":"2023-06-29T03:25:07","slug":"dgspc-informa-privada-de-libertad-elizabeth-silverio-silien-retorna-al-ccr-najayo-mujeres-luego-de-que-fue-dada-de-alta","status":"publish","type":"post","link":"https:\/\/diariodominicano.com\/?p=450660","title":{"rendered":"DGSPC informa privada de libertad Elizabeth Silverio Silien retorna al CCR Najayo Mujeres, luego de que fue dada de alta"},"content":{"rendered":"\n<p> Elizabeth Silverio Silien<\/p>\n\n\n\n<p>SANTO DOMINGO, Rep\u00fablica Dominicana.- Luego de estar ingresada durante dos d\u00edas en un centro m\u00e9dico especializado, la privada de libertad Elizabeth Silverio Silien,\u00a0 retorn\u00f3 este mi\u00e9rcoles al Centro de Correcci\u00f3n y Rehabilitaci\u00f3n (CCR) Najayo Mujeres, en San Crist\u00f3bal, luego de recibir el alta m\u00e9dica.<\/p>\n\n\n\n<p>La informaci\u00f3n fue dada a conocer por la Direcci\u00f3n General de Servicios Penitenciarios y Correccionales (DGSPC), quien inform\u00f3 que Silverio Silien fue llevada al recinto penitenciario, donde continuar\u00e1 cumpliendo la medida de coerci\u00f3n que le fue impuesta por usurpar funciones en el \u00e1rea de la salud.<\/p>\n\n\n\n<p>La instituci\u00f3n, a trav\u00e9s de un comunicado de prensa, dijo que tomar\u00e1 las medidas de lugar y que acoger\u00e1 las recomendaciones de los m\u00e9dicos que la asistieron, quienes indicaron por su condici\u00f3n de salud, la ingesta de suplementos vitam\u00ednicos, prote\u00ednas l\u00edquidas y su tratamiento de base para las dem\u00e1s patolog\u00edas.<\/p>\n\n\n\n<p>La privada de libertad Elizabeth Silverio Silien recibi\u00f3 asistencia m\u00e9dica, por presentar un cuadro de deshidrataci\u00f3n moderada, seg\u00fan el diagn\u00f3stico de la m\u00e9dico internista intensivista tratante Keyla Acosta, del Instituto de Cirug\u00eda Especializada, y respetando sus derechos, seg\u00fan lo establece la Ley 113-21, Titulo II, Cap\u00edtulo I, Art\u00edculo IV,&nbsp; en su Ac\u00e1pite 5, que reza: Las personas privadas de libertad tienen derecho al&nbsp; acceso a los servicios de salud de que disponga el pa\u00eds, sin discriminaci\u00f3n por su condici\u00f3n de estar privado de libertad.&nbsp;&nbsp;<\/p>\n\n\n\n<p>La imputada de usurpar funciones en el \u00e1rea de la salud, en violaci\u00f3n a la Ley General de Salud 42-01, el art\u00edculo 405 del C\u00f3digo Penal Dominicano y el art\u00edculo 62 de la Ley General de Educaci\u00f3n No. 66-97, recibi\u00f3 tres meses de prisi\u00f3n preventiva que le impuso el Juzgado de Atenci\u00f3n Permanente del Distrito Nacional como medida de coerci\u00f3n por ese delito.<\/p>\n\n\n\n<p><strong>Direcci\u00f3n General de Comunicaci\u00f3n, Prensa, y RRPP<\/strong><\/p>\n\n\n\n<p>Ministerio P\u00fablico.&nbsp;R.D.<\/p>\n\n\n\n<p>Mi\u00e9rcoles, 28 de junio de 2023.<\/p>\n","protected":false},"excerpt":{"rendered":"<p>Elizabeth Silverio Silien SANTO DOMINGO, Rep\u00fablica Dominicana.- Luego de estar ingresada durante dos d\u00edas en un centro m\u00e9dico especializado, la privada de libertad Elizabeth Silverio Silien,\u00a0 retorn\u00f3 este mi\u00e9rcoles al Centro de Correcci\u00f3n y Rehabilitaci\u00f3n (CCR) Najayo Mujeres, en San Crist\u00f3bal, luego de recibir el alta m\u00e9dica. La informaci\u00f3n fue dada a conocer por la [&hellip;]<\/p>\n","protected":false},"author":28,"featured_media":450227,"comment_status":"closed","ping_status":"","sticky":true,"template":"","format":"standard","meta":{"footnotes":""},"categories":[24,29,27],"tags":[],"class_list":["post-450660","post","type-post","status-publish","format-standard","has-post-thumbnail","hentry","category-justicia-y-derecho","category-policiasucesos","category-portada"],"_links":{"self":[{"href":"https:\/\/diariodominicano.com\/index.php?rest_route=\/wp\/v2\/posts\/450660","targetHints":{"allow":["GET"]}}],"collection":[{"href":"https:\/\/diariodominicano.com\/index.php?rest_route=\/wp\/v2\/posts"}],"about":[{"href":"https:\/\/diariodominicano.com\/index.php?rest_route=\/wp\/v2\/types\/post"}],"author":[{"embeddable":true,"href":"https:\/\/diariodominicano.com\/index.php?rest_route=\/wp\/v2\/users\/28"}],"replies":[{"embeddable":true,"href":"https:\/\/diariodominicano.com\/index.php?rest_route=%2Fwp%2Fv2%2Fcomments&post=450660"}],"version-history":[{"count":1,"href":"https:\/\/diariodominicano.com\/index.php?rest_route=\/wp\/v2\/posts\/450660\/revisions"}],"predecessor-version":[{"id":450661,"href":"https:\/\/diariodominicano.com\/index.php?rest_route=\/wp\/v2\/posts\/450660\/revisions\/450661"}],"wp:featuredmedia":[{"embeddable":true,"href":"https:\/\/diariodominicano.com\/index.php?rest_route=\/wp\/v2\/media\/450227"}],"wp:attachment":[{"href":"https:\/\/diariodominicano.com\/index.php?rest_route=%2Fwp%2Fv2%2Fmedia&parent=450660"}],"wp:term":[{"taxonomy":"category","embeddable":true,"href":"https:\/\/diariodominicano.com\/index.php?rest_route=%2Fwp%2Fv2%2Fcategories&post=450660"},{"taxonomy":"post_tag","embeddable":true,"href":"https:\/\/diariodominicano.com\/index.php?rest_route=%2Fwp%2Fv2%2Ftags&post=450660"}],"curies":[{"name":"wp","href":"https:\/\/api.w.org\/{rel}","templated":true}]}}