{"id":450653,"date":"2023-06-28T23:20:10","date_gmt":"2023-06-29T03:20:10","guid":{"rendered":"http:\/\/diariodominicano.com\/?p=450653"},"modified":"2023-06-28T23:21:18","modified_gmt":"2023-06-29T03:21:18","slug":"procuraduria-medio-ambiente-informa-persigue-construcciones-ilegales-en-las-inmediaciones-de-la-fuente-acuifera-de-la-presa-de-tavera","status":"publish","type":"post","link":"https:\/\/diariodominicano.com\/?p=450653","title":{"rendered":"Procuradur\u00eda Medio Ambiente informa  persigue construcciones ilegales en las inmediaciones de la fuente acu\u00edfera de la Presa de Tavera"},"content":{"rendered":"\n<p><\/p>\n\n\n\n<p><em><u>Tambi\u00e9n indic\u00f3 inspecciona en la playa de Pedernales que no se pesque el pez loro, especie que est\u00e1 en veda<\/u><\/em><\/p>\n\n\n\n<p>LA VEGA, Rep\u00fablica Dominicana.- Jos\u00e9 Far\u00edas, procurador para la Defensa del Medio Ambiente y los Recursos Naturales en la provincia  La Vega, acompa\u00f1ado de tropas asignadas a la estatal Empresa de Generaci\u00f3n Hidroel\u00e9ctrica Dominicana (EGEHID), realiz\u00f3 una inspecci\u00f3n en las inmediaciones de la Presa de Tavera.<\/p>\n\n\n\n<p>El lugar fue inspeccionado en el transcurso de una investigaci\u00f3n que lleva a cabo el Ministerio P\u00fablico sobre varias obras construidas ilegalmente en la franja de protecci\u00f3n de esa fuente acu\u00edfera, en la que se pudo constatar la apertura de v\u00edas de acceso, construcci\u00f3n de explanadas, ocupaci\u00f3n ilegal mediante la colocaci\u00f3n de alambradas y portones con cadena y candados, adem\u00e1s de construcci\u00f3n de viviendas dentro del margen de protecci\u00f3n establecido por el decreto 571-09, que crea parques nacionales, monumentos naturales, reservas biol\u00f3gicas y cient\u00edficas, as\u00ed como santuarios marinos, refugios de vida silvestres, adem\u00e1s del \u00c1rea Nacional de Recreo Boca de Nigua y el Monumento Nacional Salto de Jimenoa.<\/p>\n\n\n\n<figure class=\"wp-block-image size-large\"><img loading=\"lazy\" decoding=\"async\" width=\"768\" height=\"1024\" src=\"https:\/\/diariodominicano.com\/wp-content\/uploads\/2023\/06\/IMG-20230628-WA0012-768x1024.jpg\" alt=\"\" class=\"wp-image-450656\" srcset=\"https:\/\/diariodominicano.com\/wp-content\/uploads\/2023\/06\/IMG-20230628-WA0012-768x1024.jpg 768w, https:\/\/diariodominicano.com\/wp-content\/uploads\/2023\/06\/IMG-20230628-WA0012-225x300.jpg 225w, https:\/\/diariodominicano.com\/wp-content\/uploads\/2023\/06\/IMG-20230628-WA0012-816x1088.jpg 816w, https:\/\/diariodominicano.com\/wp-content\/uploads\/2023\/06\/IMG-20230628-WA0012.jpg 960w\" sizes=\"auto, (max-width: 768px) 100vw, 768px\" \/><\/figure>\n\n\n\n<p>La oficina de la Procuradur\u00eda de Medio Ambiente en La Vega inform\u00f3 que \u201clos casos identificados ya est\u00e1n siendo tratados en esa dependencia de la Procuradur\u00eda Especializada para la Defensa del Medio Ambiente y los Recursos Naturales (Proedemaren)\u201d.<\/p>\n\n\n\n<p>Mientras que, en Pedernales, en la ma\u00f1ana del pasado 22 de junio de presente a\u00f1o, se realizaron varios operativos de inspecciones, conjuntamente con tropas del Servicio Nacional de Protecci\u00f3n Ambiental (Senpa), en respuesta a denuncias de contaminaci\u00f3n ambiental en el sector Las Mercedes, provocada por un sanitario desbordado, d\u00e1ndosele a los propietarios un plazo de una semana para que resuelvan esa situaci\u00f3n.<\/p>\n\n\n\n<p>Adem\u00e1s, fue visitada la playa de Pedernales, en el Malec\u00f3n, con el objetivo de inspeccionar que no se pesquen peces en vedas, como es el caso del pez loro, aunque, durante la visita a la playa, no se detectaron violaciones a la protecci\u00f3n de esa especie.<\/p>\n\n\n\n<p><strong>Direcci\u00f3n General de Comunicaci\u00f3n, Prensa, y RRPP<\/strong><\/p>\n\n\n\n<p>Ministerio P\u00fablico.&nbsp;R.D.<\/p>\n\n\n\n<p>Mi\u00e9rcoles, 28 de junio de 2023.<\/p>\n","protected":false},"excerpt":{"rendered":"<p>Tambi\u00e9n indic\u00f3 inspecciona en la playa de Pedernales que no se pesque el pez loro, especie que est\u00e1 en veda LA VEGA, Rep\u00fablica Dominicana.- Jos\u00e9 Far\u00edas, procurador para la Defensa del Medio Ambiente y los Recursos Naturales en la provincia La Vega, acompa\u00f1ado de tropas asignadas a la estatal Empresa de Generaci\u00f3n Hidroel\u00e9ctrica Dominicana (EGEHID), [&hellip;]<\/p>\n","protected":false},"author":28,"featured_media":450654,"comment_status":"closed","ping_status":"","sticky":true,"template":"","format":"standard","meta":{"footnotes":""},"categories":[24,29,27],"tags":[],"class_list":["post-450653","post","type-post","status-publish","format-standard","has-post-thumbnail","hentry","category-justicia-y-derecho","category-policiasucesos","category-portada"],"_links":{"self":[{"href":"https:\/\/diariodominicano.com\/index.php?rest_route=\/wp\/v2\/posts\/450653","targetHints":{"allow":["GET"]}}],"collection":[{"href":"https:\/\/diariodominicano.com\/index.php?rest_route=\/wp\/v2\/posts"}],"about":[{"href":"https:\/\/diariodominicano.com\/index.php?rest_route=\/wp\/v2\/types\/post"}],"author":[{"embeddable":true,"href":"https:\/\/diariodominicano.com\/index.php?rest_route=\/wp\/v2\/users\/28"}],"replies":[{"embeddable":true,"href":"https:\/\/diariodominicano.com\/index.php?rest_route=%2Fwp%2Fv2%2Fcomments&post=450653"}],"version-history":[{"count":4,"href":"https:\/\/diariodominicano.com\/index.php?rest_route=\/wp\/v2\/posts\/450653\/revisions"}],"predecessor-version":[{"id":450659,"href":"https:\/\/diariodominicano.com\/index.php?rest_route=\/wp\/v2\/posts\/450653\/revisions\/450659"}],"wp:featuredmedia":[{"embeddable":true,"href":"https:\/\/diariodominicano.com\/index.php?rest_route=\/wp\/v2\/media\/450654"}],"wp:attachment":[{"href":"https:\/\/diariodominicano.com\/index.php?rest_route=%2Fwp%2Fv2%2Fmedia&parent=450653"}],"wp:term":[{"taxonomy":"category","embeddable":true,"href":"https:\/\/diariodominicano.com\/index.php?rest_route=%2Fwp%2Fv2%2Fcategories&post=450653"},{"taxonomy":"post_tag","embeddable":true,"href":"https:\/\/diariodominicano.com\/index.php?rest_route=%2Fwp%2Fv2%2Ftags&post=450653"}],"curies":[{"name":"wp","href":"https:\/\/api.w.org\/{rel}","templated":true}]}}