{"id":450633,"date":"2023-06-28T22:58:52","date_gmt":"2023-06-29T02:58:52","guid":{"rendered":"http:\/\/diariodominicano.com\/?p=450633"},"modified":"2023-06-28T23:00:28","modified_gmt":"2023-06-29T03:00:28","slug":"fiscalia-san-cristobal-pn-y-dncd-ocupan-armas-y-sustancias-controladas-en-amplio-operativo-para-captura-del-imputado-vendedor-de-drogas-conocido-como-kiko-la-kema","status":"publish","type":"post","link":"https:\/\/diariodominicano.com\/?p=450633","title":{"rendered":"Fiscal\u00eda San Crist\u00f3bal, PN y DNCD ocupan armas y sustancias controladas en amplio operativo para captura del imputado vendedor de drogas conocido como Kiko la Kema"},"content":{"rendered":"\n<p><em><u>Las autoridades tambi\u00e9n rescataron durante la operaci\u00f3n a una adolescente que posteriormente fue entregada a sus familiares<\/u><\/em><\/p>\n\n\n\n<p>SAN CRIST\u00d3BAL, Rep\u00fablica Dominicana.- Miembros del Ministerio P\u00fablico, la Polic\u00eda Nacional y la Direcci\u00f3n Nacional de Control de Drogas (DNCD) ocuparon diferentes armas de fuego y sustancias narc\u00f3ticas, durante un amplio operativo para la captura del imputado vendedor de drogas Jos\u00e9 Antonio Peguero Bautista, conocido como Kiko la Kema.<\/p>\n\n\n\n<figure class=\"wp-block-image size-full\"><img loading=\"lazy\" decoding=\"async\" width=\"960\" height=\"990\" src=\"https:\/\/diariodominicano.com\/wp-content\/uploads\/2023\/06\/IMG-20230628-WA0018.jpg\" alt=\"\" class=\"wp-image-450637\" srcset=\"https:\/\/diariodominicano.com\/wp-content\/uploads\/2023\/06\/IMG-20230628-WA0018.jpg 960w, https:\/\/diariodominicano.com\/wp-content\/uploads\/2023\/06\/IMG-20230628-WA0018-291x300.jpg 291w, https:\/\/diariodominicano.com\/wp-content\/uploads\/2023\/06\/IMG-20230628-WA0018-768x792.jpg 768w, https:\/\/diariodominicano.com\/wp-content\/uploads\/2023\/06\/IMG-20230628-WA0018-816x842.jpg 816w\" sizes=\"auto, (max-width: 960px) 100vw, 960px\" \/><\/figure>\n\n\n\n<p>Los fiscales Jos\u00e9 Guillermo Guerrero Jim\u00e9nez y \u00c1ngel F\u00e9lix Recio conjuntamente con el coronel Robert Abreu de Jes\u00fas, subdirector regional de investigaci\u00f3n de la Polic\u00eda Nacional en San Crist\u00f3bal, el comandante&nbsp; de Investigaciones Antisecuestro y Extorsiones y miembros de la agencia antidrogas, as\u00ed como equipos&nbsp; Swat y de Boina Gris e integrantes de la Polic\u00eda Preventiva ocuparon las armas y las droga, as\u00ed como dinero en efectivo, durante un allanamiento con la orden judicial 01541-2023-AJOA-01252 en una vivienda propiedad del apodado Kiko la Kema, localizada en el sector R\u00edo Arriba, del municipio Cambita Garabitos, de San Crist\u00f3bal.<\/p>\n\n\n\n<p>En el operativo adem\u00e1s fue rescatada una adolescente de 15 a\u00f1os de edad, quien se encontraba en dicha vivienda, quien posteriormente fue entregada a sus familiares.<\/p>\n\n\n\n<figure class=\"wp-block-image size-full\"><img loading=\"lazy\" decoding=\"async\" width=\"902\" height=\"1024\" src=\"https:\/\/diariodominicano.com\/wp-content\/uploads\/2023\/06\/IMG-20230628-WA0017.jpg\" alt=\"\" class=\"wp-image-450638\" srcset=\"https:\/\/diariodominicano.com\/wp-content\/uploads\/2023\/06\/IMG-20230628-WA0017.jpg 902w, https:\/\/diariodominicano.com\/wp-content\/uploads\/2023\/06\/IMG-20230628-WA0017-264x300.jpg 264w, https:\/\/diariodominicano.com\/wp-content\/uploads\/2023\/06\/IMG-20230628-WA0017-768x872.jpg 768w, https:\/\/diariodominicano.com\/wp-content\/uploads\/2023\/06\/IMG-20230628-WA0017-816x926.jpg 816w\" sizes=\"auto, (max-width: 902px) 100vw, 902px\" \/><\/figure>\n\n\n\n<p>Las labores se desarrollaron como parte de la investigaci\u00f3n de la muerte de Alexander Medrano Col\u00f3n (Coco) a manos de Kiko la Kema. Medrano Col\u00f3n, de 21 a\u00f1os de edad, falleci\u00f3 tras recibir heridas de arma de fuego, pr\u00f3ximo a la orilla del R\u00edo Blanco, en Cambita Garabitos.<\/p>\n\n\n\n<p>Respecto a las armas, las autoridades informaron a trav\u00e9s de un comunicado de prensa que fue ocupada una pistola marca Smit Wesson, calibre 45; dos cargadores para la misma; una marca Glock, calibre 40, con un cargador; una escopeta calibre 12, con un cargador, as\u00ed como c\u00e1psulas de diferentes calibres, adem\u00e1s de que fueron recolectados 108 casquillos de distintos calibres.<\/p>\n\n\n\n<p>En tanto que, sobre las drogas, indicaron que fueron ocupadas varias porciones de coca\u00edna, marihuana y crack.<\/p>\n\n\n\n<p>Tambi\u00e9n, explicaron que fueron ocupados treinta mil pesos en efectivo y celulares, as\u00ed como distintos objetos que se presume eran utilizados en la pr\u00e1ctica de esa actividad del crimen organizado.<\/p>\n\n\n\n<p>Previamente, los agentes policiales hab\u00edan acudido a dicha vivienda, ubicada en una zona monta\u00f1osa del referido lugar, donde se encontraba el apodado Kiko la Kema, quien, al percatarse de la presencia de las autoridades, realiz\u00f3 varios disparos y escap\u00f3 del lugar.<\/p>\n\n\n\n<p>Las autoridades informaron en un comunicado de prensa que contin\u00faan trabajando de manera coordinada para lograr su captura e iniciar el proceso correspondiente.<\/p>\n\n\n\n<p>La Fiscal\u00eda de San Crist\u00f3bal indic\u00f3 que Kiko la Kema es buscado por m\u00faltiples \u00f3rdenes de arrestos por homicidio y&nbsp;amenazas con armas de fuego ilegales.<\/p>\n\n\n\n<p>Explic\u00f3, respecto a la adolescente, que est\u00e1n tomando las medidas de lugar en la unidad de violencia, en la Fiscal\u00eda de Ni\u00f1os, Ni\u00f1as y Adolescentes, para la puesta en movimiento de la acci\u00f3n p\u00fablica si se configura que hubo violaci\u00f3n o agresi\u00f3n sexual en perjuicio de la v\u00edctima.<\/p>\n\n\n\n<p>Se\u00f1al\u00f3 que tambi\u00e9n van a solicitar orden de arresto respecto de la ocupaci\u00f3n de las sustancias controladas en el allanamiento y las armas de fuego ilegales.<\/p>\n\n\n\n<p><strong>Direcci\u00f3n General de Comunicaci\u00f3n, Prensa, y RRPP<\/strong><\/p>\n\n\n\n<p>Ministerio P\u00fablico.&nbsp;R.D.<\/p>\n\n\n\n<p>Mi\u00e9rcoles, 28 de junio de 2023.<\/p>\n","protected":false},"excerpt":{"rendered":"<p>Las autoridades tambi\u00e9n rescataron durante la operaci\u00f3n a una adolescente que posteriormente fue entregada a sus familiares SAN CRIST\u00d3BAL, Rep\u00fablica Dominicana.- Miembros del Ministerio P\u00fablico, la Polic\u00eda Nacional y la Direcci\u00f3n Nacional de Control de Drogas (DNCD) ocuparon diferentes armas de fuego y sustancias narc\u00f3ticas, durante un amplio operativo para la captura del imputado vendedor [&hellip;]<\/p>\n","protected":false},"author":28,"featured_media":450634,"comment_status":"closed","ping_status":"","sticky":true,"template":"","format":"standard","meta":{"footnotes":""},"categories":[24,29,27],"tags":[],"class_list":["post-450633","post","type-post","status-publish","format-standard","has-post-thumbnail","hentry","category-justicia-y-derecho","category-policiasucesos","category-portada"],"_links":{"self":[{"href":"https:\/\/diariodominicano.com\/index.php?rest_route=\/wp\/v2\/posts\/450633","targetHints":{"allow":["GET"]}}],"collection":[{"href":"https:\/\/diariodominicano.com\/index.php?rest_route=\/wp\/v2\/posts"}],"about":[{"href":"https:\/\/diariodominicano.com\/index.php?rest_route=\/wp\/v2\/types\/post"}],"author":[{"embeddable":true,"href":"https:\/\/diariodominicano.com\/index.php?rest_route=\/wp\/v2\/users\/28"}],"replies":[{"embeddable":true,"href":"https:\/\/diariodominicano.com\/index.php?rest_route=%2Fwp%2Fv2%2Fcomments&post=450633"}],"version-history":[{"count":3,"href":"https:\/\/diariodominicano.com\/index.php?rest_route=\/wp\/v2\/posts\/450633\/revisions"}],"predecessor-version":[{"id":450639,"href":"https:\/\/diariodominicano.com\/index.php?rest_route=\/wp\/v2\/posts\/450633\/revisions\/450639"}],"wp:featuredmedia":[{"embeddable":true,"href":"https:\/\/diariodominicano.com\/index.php?rest_route=\/wp\/v2\/media\/450634"}],"wp:attachment":[{"href":"https:\/\/diariodominicano.com\/index.php?rest_route=%2Fwp%2Fv2%2Fmedia&parent=450633"}],"wp:term":[{"taxonomy":"category","embeddable":true,"href":"https:\/\/diariodominicano.com\/index.php?rest_route=%2Fwp%2Fv2%2Fcategories&post=450633"},{"taxonomy":"post_tag","embeddable":true,"href":"https:\/\/diariodominicano.com\/index.php?rest_route=%2Fwp%2Fv2%2Ftags&post=450633"}],"curies":[{"name":"wp","href":"https:\/\/api.w.org\/{rel}","templated":true}]}}