{"id":45059,"date":"2019-03-25T07:47:38","date_gmt":"2019-03-25T07:47:38","guid":{"rendered":"http:\/\/diariodominicano.ddns.net\/?p=45059"},"modified":"2019-03-25T07:47:38","modified_gmt":"2019-03-25T07:47:38","slug":"los-inhabilitados-para-ser-candidatos","status":"publish","type":"post","link":"https:\/\/diariodominicano.com\/?p=45059","title":{"rendered":"LOS INHABILITADOS &#13;PARA SER CANDIDATOS"},"content":{"rendered":"<p><body><\/p>\n<p><strong>FRANKLIN ALMEYDA RANCIER<\/strong><\/p>\n<\/p>\n<p>Debido a los reclamos constante de reformar la Constituci\u00f3n para dejar sin efecto el Vig\u00e9simo Transitorio que inabilita al Presidente en ejercicio a reelegirse para per\u00edodo 2020-2024, parecer\u00eda, como se ha dicho, que es el \u00fanico dominicano al que se le viola el derecho de ser elegible.<\/p>\n<\/p>\n<p>Sin embargo, no es as\u00ed. Cerca de dos millones m\u00e1s, no pueden ser elegidos presidente porque en el 2020 no tendr\u00e1n 30 a\u00f1os, edad requerida para ser elegible a esa posici\u00f3n de presidente. A\u00fan m\u00e1s, entre esos casi dos millones, un mill\u00f3n 350 mil dominicanos est\u00e1n inhabilitados para ser elegidos  senadores, debido a que la Constituci\u00f3n  los limita, por ser menores de 25 a\u00f1os. <\/p>\n<\/p>\n<p>El pa\u00eds presencia un debate entre peledeistas presidenciables; eso parece un debate de aspirantes. Sin embargo, no se trata s\u00f3lo de eso, sino de un Presidente de la Rep\u00fablica que usa todo el poder del Estado para doblegar y quebrantar el l\u00edmite que la Constituci\u00f3n le establece como Presidente en ejercicio.<\/p>\n<\/p>\n<p>Trata de crear en su favor un privilegio inaceptable, modificando para \u00e9l la Constituci\u00f3n para habilitarse. Sus favorecedores, de esos que pregonan que el Estado es para usarse, dicen que es que con \u00e9l se gana. En esa campa\u00f1a han afectado a seis aspirantes que se cobijaron bajo la sombra del Mandatario, esperando que \u00e9l se acogiera a la Constituci\u00f3n; en esa espera no han podido posicionarse y ahora lucen de salida dando aletazos.<\/p>\n<\/p>\n<p>A su vez, se trat\u00f3 de inhabilitar a Leonel agravi\u00e1ndolo, pero crearon el efecto contrario y lo han hecho candidato, y  diferenci\u00e1ndolo del Presidente.<\/p>\n<\/p>\n<p>En ese contexto, el partido de gobierno exhibe tanta fortaleza que lo sit\u00faa  alrededor del 50% de aceptaci\u00f3n. Lo que quiere decir que quien sea su candidato puede c\u00f3modamente ganar; siempre que ese candidato est\u00e9 tambi\u00e9n debidamente posicionado. <\/p>\n<\/p>\n<p>El entorno reeleccionista del Presidente pretende ahora alimentar la idea de que Leonel divide; pero quien crea esta crisis y p\u00e1bulo divisionista es quienes desde el poder buscan forzar una habilitaci\u00f3n Constitucional. Acusan a otro porque no se atreven a mirar hacia Danilo, prefieren  atribu\u00edrselo a Leonel haci\u00e9ndose los desentendidos, por complicidad o miedo al poder.<\/p>\n<\/p>\n<p>Pero el pueblo no se hace \u00abni el desentendido ni el gallo loco\u00bb. El 70% rechaza modificar la Constituci\u00f3n y favorece cada vez m\u00e1s a Leonel y, curiosamente, extiende ese reconocimiento a los senadores leonelistas. Vean esa tabla, es el resultado de una encuesta de los mismos senadores conocida en primera quincena de marzo. <\/p>\n<\/p>\n<p>F\u00edjense que los seis senadores leonelistas son los m\u00e1s valorados electoralmente. Ellos son los de Valverde, La Romana, Pedernales, Espaillat, Saman\u00e1 y San Juan.<\/p>\n<\/p>\n<p>Este estudio cuantitativo provoc\u00f3 que entre los senadores danilistas se decidiera  realizar actividades en sus provincias; pero, como no tienen luz propia, esos eventos se han convertido en apoyo a la reelecci\u00f3n, debido a que s\u00f3lo as\u00ed \u00abllevan\u00bb un p\u00fablico para llenar el lugar, bajo fuertes presiones y advertencias.<\/p>\n<\/p>\n<p>Al convertirse en actos reeleccionistas, crean ruidos que en este momento no quiere el Presidente, porque no es buen momento para el tema. Y como al \u00abdedo malo todo se le pega\u00bb, a la hermana del Presidente  le grabaron un audio que ha hecho otro ruido viral censurado.<\/p>\n<\/p>\n<p><strong>\u00a1Amigos, Danilo est\u00e1 inhabilitado para el 2020; no provoquen mayores crisis!<\/strong><\/p>\n<\/p>\n<p><strong>El autor es miembro del CP del PLD, ex Ministro de Interior y ex Rector de la UASD<\/strong>.<\/p>\n<h6> 2019-03-25 07:47:38 <\/h6>\n<p><!--\n<link rel=\"stylesheet\" href=\"css\/bootstrap.min.css\">\n\n\n<ul class=\"pagination\">\n\t    \n\t\n\n<li >\n\t<a href='?page_no=780'>Previous<\/a>\n\t<\/li>\n\n\n       \n    \n\n<li><a href='?page_no=1'>1<\/a><\/li>\n\n\n\n<li><a href='?page_no=2'>2<\/a><\/li>\n\n\n\n<li><a>...<\/a><\/li>\n\n\n\n<li><a href='?page_no=779'>779<\/a><\/li>\n\n\n\n<li><a href='?page_no=780'>780<\/a><\/li>\n\n\n\n<li class='active'><a>781<\/a><\/li>\n\n\n\n<li><a href='?page_no=782'>782<\/a><\/li>\n\n\n\n<li><a href='?page_no=783'>783<\/a><\/li>\n\n\n\n<li><a>...<\/a><\/li>\n\n\n\n<li><a href='?page_no=13611'>13611<\/a><\/li>\n\n\n\n<li><a href='?page_no=13612'>13612<\/a><\/li>\n\n    \n\t\n\n<li >\n\t<a href='?page_no=782'>Next<\/a>\n\t<\/li>\n\n\n    \n\n<li><a href='?page_no=13612'>Last &rsaquo;&rsaquo;<\/a><\/li>\n\n<\/ul>\n\n\n--><br \/>\n<\/body><\/p>\n","protected":false},"excerpt":{"rendered":"<p>FRANKLIN ALMEYDA RANCIER Debido a los reclamos constante de reformar la Constituci\u00f3n para dejar sin efecto el Vig\u00e9simo Transitorio que inabilita al Presidente en ejercicio a reelegirse para per\u00edodo 2020-2024, parecer\u00eda, como se ha dicho, que es el \u00fanico dominicano al que se le viola el derecho de ser elegible. Sin embargo, no es as\u00ed. [&hellip;]<\/p>\n","protected":false},"author":3,"featured_media":0,"comment_status":"open","ping_status":"open","sticky":false,"template":"","format":"standard","meta":{"footnotes":""},"categories":[16],"tags":[],"class_list":["post-45059","post","type-post","status-publish","format-standard","hentry","category-opiniones"],"_links":{"self":[{"href":"https:\/\/diariodominicano.com\/index.php?rest_route=\/wp\/v2\/posts\/45059","targetHints":{"allow":["GET"]}}],"collection":[{"href":"https:\/\/diariodominicano.com\/index.php?rest_route=\/wp\/v2\/posts"}],"about":[{"href":"https:\/\/diariodominicano.com\/index.php?rest_route=\/wp\/v2\/types\/post"}],"author":[{"embeddable":true,"href":"https:\/\/diariodominicano.com\/index.php?rest_route=\/wp\/v2\/users\/3"}],"replies":[{"embeddable":true,"href":"https:\/\/diariodominicano.com\/index.php?rest_route=%2Fwp%2Fv2%2Fcomments&post=45059"}],"version-history":[{"count":0,"href":"https:\/\/diariodominicano.com\/index.php?rest_route=\/wp\/v2\/posts\/45059\/revisions"}],"wp:attachment":[{"href":"https:\/\/diariodominicano.com\/index.php?rest_route=%2Fwp%2Fv2%2Fmedia&parent=45059"}],"wp:term":[{"taxonomy":"category","embeddable":true,"href":"https:\/\/diariodominicano.com\/index.php?rest_route=%2Fwp%2Fv2%2Fcategories&post=45059"},{"taxonomy":"post_tag","embeddable":true,"href":"https:\/\/diariodominicano.com\/index.php?rest_route=%2Fwp%2Fv2%2Ftags&post=45059"}],"curies":[{"name":"wp","href":"https:\/\/api.w.org\/{rel}","templated":true}]}}