{"id":45048,"date":"2019-03-26T18:44:56","date_gmt":"2019-03-26T18:44:56","guid":{"rendered":"http:\/\/diariodominicano.ddns.net\/?p=45048"},"modified":"2019-03-26T18:44:56","modified_gmt":"2019-03-26T18:44:56","slug":"juventud-al-garete","status":"publish","type":"post","link":"https:\/\/diariodominicano.com\/?p=45048","title":{"rendered":"JUVENTUD AL GARETE"},"content":{"rendered":"<p><body><\/p>\n<p>EL TIRO RAPIDO<\/p>\n<\/p>\n<\/p>\n<p>Leyendo y analizando las cifras que presenta el estudio que acaba de ofrecer a la luz p\u00fablica la Acci\u00f3n Empresarial por la Educaci\u00f3n (EDUCA) se llega a la muy penosa pero inevitable conclusi\u00f3n de que la juventud dominicana se encuentra al garete.  Las cifras que presenta el prolijo trabajo de investigaci\u00f3n as\u00ed lo demuestran.<\/p>\n<\/p>\n<\/p>\n<p>La poblaci\u00f3n del pa\u00eds en el rango de edad de 15 a 29 a\u00f1os asciende en n\u00fameros redondos a 2 millones 700 mil.  De esa cantidad, cerca de un mill\u00f3n, o sea alrededor de un 38 por ciento ni estudia ni trabajo.  Son los llamados Ni-Ni, cuya cantidad dos o tres a\u00f1os atr\u00e1s se estimaba en la mitad, unos 500 mil por lo que estamos en presencia de una situaci\u00f3n agravada y con tendencia a continuar agudiz\u00e1ndose.<\/p>\n<\/p>\n<\/p>\n<p>Mientras que pese al crecimiento econ\u00f3mico la tasa de desempleo global se mantiene estancada en un 14 por ciento, para los j\u00f3venes en el rango antes se\u00f1alado acusa una diferencia muy significativa al alcanzar un 23 por ciento.<\/p>\n<\/p>\n<\/p>\n<p>De los j\u00f3venes que disponen de empleos formales, la gran mayor\u00eda percibe un salario inferior a 10 mil pesos mensuales, por carecer de una adecuada calificaci\u00f3n laboral que les permita acceder a puestos de trabajo de mayor categor\u00eda y  mejor retribuci\u00f3n.<\/p>\n<\/p>\n<\/p>\n<p>Los que completaron la educaci\u00f3n superior y lograron diplomarse en la universidad encuentran dificultades para poder emplearse, debido a los bajos niveles de competencia adquiridos.  Al menos una cuarta parte se encuentran desempleados, otros tienen que librar el sustento en actividades ajenas a su profesi\u00f3n. <\/p>\n<\/p>\n<\/p>\n<p>En tanto un 39.8 por ciento de los varones se ven obligados a desertar de las aulas escolares impelidos por las necesidades econ\u00f3micas,  una cantidad similar de mujeres abandona los estudios debido a una temprana uni\u00f3n conyugal, en muchos casos informal, o por embarazos prematuros.<\/p>\n<\/p>\n<\/p>\n<p>La situaci\u00f3n descrita determina en gran medida el comportamiento social de los j\u00f3venes. Hogares disfuncionales y fragmentados, cuadros de violencia intrafamiliar, ausencia de ense\u00f1anza en valores sumado a la carencia de conocimientos y habilidades laborales y la  falta de oportunidades de trabajo y progreso personal para satisfacer los desbordados apetitos consumistas, conduce a muchos por los caminos de la delincuencia.  La incorporaci\u00f3n a bandas barriales, la comisi\u00f3n de robo y atracos, el micro-tr\u00e1fico y la venta de drogas se tornan cada vez m\u00e1s frecuentes. <\/p>\n<\/p>\n<\/p>\n<\/p>\n<p>Al final del t\u00fanel a muchos les espera la prisi\u00f3n y a otros, la muerte violenta y prematura.  Durante el 2016, per\u00edodo en que se centr\u00f3 el estudio, 422 j\u00f3venes perdieron la vida v\u00edctima de homicidios, lo que represent\u00f3 el 44.3 del total de homicidios registrado.  De entonces a la fecha es m\u00e1s que probable que esas cifras hayan aumentado en vez de disminuir.<\/p>\n<\/p>\n<\/p>\n<p>Como conclusi\u00f3n de la grave situaci\u00f3n que ofrece este revelador estudio, EDUCA propone un plan de mejora.  Queda por ver si dentro del torbellino pol\u00edtico en que estamos envueltos y que parece focalizar la atenci\u00f3n y el inter\u00e9s de la gran mayor\u00eda, estamos en capacidad de evaluar la dimensi\u00f3n del problema, los riesgos que entra\u00f1a y las funestas consecuencias a que conducir\u00eda si no lo enfrentamos con la urgencia, seriedad e importancia que requiere.<\/p>\n<\/p>\n<\/p>\n<\/p>\n<\/p>\n<h6> 2019-03-26 18:44:56 <\/h6>\n<p><!--\n<link rel=\"stylesheet\" href=\"css\/bootstrap.min.css\">\n\n\n<ul class=\"pagination\">\n\t    \n\t\n\n<li >\n\t<a href='?page_no=779'>Previous<\/a>\n\t<\/li>\n\n\n       \n    \n\n<li><a href='?page_no=1'>1<\/a><\/li>\n\n\n\n<li><a href='?page_no=2'>2<\/a><\/li>\n\n\n\n<li><a>...<\/a><\/li>\n\n\n\n<li><a href='?page_no=778'>778<\/a><\/li>\n\n\n\n<li><a href='?page_no=779'>779<\/a><\/li>\n\n\n\n<li class='active'><a>780<\/a><\/li>\n\n\n\n<li><a href='?page_no=781'>781<\/a><\/li>\n\n\n\n<li><a href='?page_no=782'>782<\/a><\/li>\n\n\n\n<li><a>...<\/a><\/li>\n\n\n\n<li><a href='?page_no=13611'>13611<\/a><\/li>\n\n\n\n<li><a href='?page_no=13612'>13612<\/a><\/li>\n\n    \n\t\n\n<li >\n\t<a href='?page_no=781'>Next<\/a>\n\t<\/li>\n\n\n    \n\n<li><a href='?page_no=13612'>Last &rsaquo;&rsaquo;<\/a><\/li>\n\n<\/ul>\n\n\n--><br \/>\n<\/body><\/p>\n","protected":false},"excerpt":{"rendered":"<p>EL TIRO RAPIDO Leyendo y analizando las cifras que presenta el estudio que acaba de ofrecer a la luz p\u00fablica la Acci\u00f3n Empresarial por la Educaci\u00f3n (EDUCA) se llega a la muy penosa pero inevitable conclusi\u00f3n de que la juventud dominicana se encuentra al garete. Las cifras que presenta el prolijo trabajo de investigaci\u00f3n as\u00ed [&hellip;]<\/p>\n","protected":false},"author":3,"featured_media":0,"comment_status":"open","ping_status":"open","sticky":false,"template":"","format":"standard","meta":{"footnotes":""},"categories":[16],"tags":[],"class_list":["post-45048","post","type-post","status-publish","format-standard","hentry","category-opiniones"],"_links":{"self":[{"href":"https:\/\/diariodominicano.com\/index.php?rest_route=\/wp\/v2\/posts\/45048","targetHints":{"allow":["GET"]}}],"collection":[{"href":"https:\/\/diariodominicano.com\/index.php?rest_route=\/wp\/v2\/posts"}],"about":[{"href":"https:\/\/diariodominicano.com\/index.php?rest_route=\/wp\/v2\/types\/post"}],"author":[{"embeddable":true,"href":"https:\/\/diariodominicano.com\/index.php?rest_route=\/wp\/v2\/users\/3"}],"replies":[{"embeddable":true,"href":"https:\/\/diariodominicano.com\/index.php?rest_route=%2Fwp%2Fv2%2Fcomments&post=45048"}],"version-history":[{"count":0,"href":"https:\/\/diariodominicano.com\/index.php?rest_route=\/wp\/v2\/posts\/45048\/revisions"}],"wp:attachment":[{"href":"https:\/\/diariodominicano.com\/index.php?rest_route=%2Fwp%2Fv2%2Fmedia&parent=45048"}],"wp:term":[{"taxonomy":"category","embeddable":true,"href":"https:\/\/diariodominicano.com\/index.php?rest_route=%2Fwp%2Fv2%2Fcategories&post=45048"},{"taxonomy":"post_tag","embeddable":true,"href":"https:\/\/diariodominicano.com\/index.php?rest_route=%2Fwp%2Fv2%2Ftags&post=45048"}],"curies":[{"name":"wp","href":"https:\/\/api.w.org\/{rel}","templated":true}]}}