{"id":45047,"date":"2020-09-14T11:05:24","date_gmt":"2020-09-14T11:05:24","guid":{"rendered":"http:\/\/diariodominicano.ddns.net\/?p=45047"},"modified":"2020-09-14T11:05:24","modified_gmt":"2020-09-14T11:05:24","slug":"concertacion-y-justicia","status":"publish","type":"post","link":"https:\/\/diariodominicano.com\/?p=45047","title":{"rendered":"Concertaci\u00f3n y justicia"},"content":{"rendered":"<p><body><\/p>\n<p><strong>A Pleno Sol<\/strong><\/p>\n<p><strong>Concertaci\u00f3n y justicia<\/strong><\/p>\n<p><strong>Por Manuel Hern\u00e1ndez Villeta<\/strong><\/p>\n<\/p>\n<\/p>\n<p>La concertaci\u00f3n pol\u00edtica y la aplicaci\u00f3n de una justicia independiente siempre han estado contrapuestas en la historia dominicana. La ley no ha pasado a ser ap\u00e9ndice de los gobernantes de turno, y el consenso ha sido una falsa bandera para que se imponga la voluntad del caudillo.<\/p>\n<\/p>\n<p>Con promesas de cambios, queda ahora por ver hasta donde  se puede llegar en un real consenso partidista y pol\u00edtico, y que la justicia se ponga la venda y de nuevo tenga en sus manos la pesa para verificar  que no se inclina hacia ning\u00fan sector.<\/p>\n<\/p>\n<p>La concertaci\u00f3n pol\u00edtica no puede ser convivir para llegar a acuerdos, y como en el pasado, utilizarlo para detener el sector judicial. Tambi\u00e9n se debe tener en cuenta que si el rol de los tribunales est\u00e1 prejuzgado y encuentra a culpables sin suficientes pruebas, se estar\u00e1 haciendo un gran da\u00f1o al pa\u00eds.<\/p>\n<\/p>\n<p>Lo mejor ser\u00eda ahora partir de cero. La justicia siempre ha sido d\u00e9bil, por lo que se debe buscar concreto armado para construirle las piernas. Su pensamiento debe estar centrado en las necesidades de redenci\u00f3n de la comunidad, sin cometer injusticias, pero tampoco dar pie a los privilegios.<\/p>\n<\/p>\n<p>El peso pol\u00edtico en nuestra historia reciente, ha estado por encima de cualquier otra consideraci\u00f3n de la vida p\u00fablica. El poder que da el mando absoluto obnubila en muchas ocasiones a los hombres, y les hace tomar decisiones que sepultan a la democracia.<\/p>\n<\/p>\n<p>De hecho aqu\u00ed se vive una m\u00e1scara de democracia. Nunca ha sido funcional. Siempre est\u00e1 de un lado, y se pierde en  la lejan\u00eda la m\u00e1xima de que la democracia es el gobierno del pueblo y para el pueblo.<\/p>\n<\/p>\n<p>Pero hay una democracia valedera, que hay que construir hoy. La Rep\u00fablica Dominicana vivi\u00f3 en el siglo 20 una eternidad de dictaduras, montoneras, gobiernos desp\u00f3ticos, revoluciones, golpes de Estado,  s\u00e1trapas ilustrados y Constituciones que no eran m\u00e1s que un pedazo de papel.<\/p>\n<\/p>\n<p>Hay que comenzar a echar agua al \u00e1rbol de la libertad y del respeto a las instituciones y al individuo. El respeto es una palabra hueca para los prepotentes, y los que se creen con derecho a vida y hacienda. De estas ruinas, tiene que renacer una nueva Rep\u00fablica Dominicana.<\/p>\n<\/p>\n<p>Los cambios no los puede hacer en solitario ni un hombre ni un partido, para ello necesita la colaboraci\u00f3n y el esfuerzo de todos los sectores de la vida nacional. Hay que dar confianzas para ganar confianza.<\/p>\n<\/p>\n<p> Con  tantos  problemas encima hay que tener fe en que el pa\u00eds se fortalecer\u00e1 institucionalmente y que el derecho a conocer y practicar la verdad ser\u00e1 una acci\u00f3n de cada d\u00eda. \u00a1Ay!, se me acab\u00f3 la tinta.<\/p>\n<\/p>\n<h6> 2020-09-14 11:05:24 <\/h6>\n<p><!--\n<link rel=\"stylesheet\" href=\"css\/bootstrap.min.css\">\n\n\n<ul class=\"pagination\">\n\t    \n\t\n\n<li >\n\t<a href='?page_no=77'>Previous<\/a>\n\t<\/li>\n\n\n       \n    \n\n<li><a href='?page_no=1'>1<\/a><\/li>\n\n\n\n<li><a href='?page_no=2'>2<\/a><\/li>\n\n\n\n<li><a>...<\/a><\/li>\n\n\n\n<li><a href='?page_no=76'>76<\/a><\/li>\n\n\n\n<li><a href='?page_no=77'>77<\/a><\/li>\n\n\n\n<li class='active'><a>78<\/a><\/li>\n\n\n\n<li><a href='?page_no=79'>79<\/a><\/li>\n\n\n\n<li><a href='?page_no=80'>80<\/a><\/li>\n\n\n\n<li><a>...<\/a><\/li>\n\n\n\n<li><a href='?page_no=13611'>13611<\/a><\/li>\n\n\n\n<li><a href='?page_no=13612'>13612<\/a><\/li>\n\n    \n\t\n\n<li >\n\t<a href='?page_no=79'>Next<\/a>\n\t<\/li>\n\n\n    \n\n<li><a href='?page_no=13612'>Last &rsaquo;&rsaquo;<\/a><\/li>\n\n<\/ul>\n\n\n--><br \/>\n<\/body><\/p>\n","protected":false},"excerpt":{"rendered":"<p>A Pleno Sol Concertaci\u00f3n y justicia Por Manuel Hern\u00e1ndez Villeta La concertaci\u00f3n pol\u00edtica y la aplicaci\u00f3n de una justicia independiente siempre han estado contrapuestas en la historia dominicana. La ley no ha pasado a ser ap\u00e9ndice de los gobernantes de turno, y el consenso ha sido una falsa bandera para que se imponga la voluntad [&hellip;]<\/p>\n","protected":false},"author":3,"featured_media":0,"comment_status":"open","ping_status":"open","sticky":false,"template":"","format":"standard","meta":{"footnotes":""},"categories":[16],"tags":[],"class_list":["post-45047","post","type-post","status-publish","format-standard","hentry","category-opiniones"],"_links":{"self":[{"href":"https:\/\/diariodominicano.com\/index.php?rest_route=\/wp\/v2\/posts\/45047","targetHints":{"allow":["GET"]}}],"collection":[{"href":"https:\/\/diariodominicano.com\/index.php?rest_route=\/wp\/v2\/posts"}],"about":[{"href":"https:\/\/diariodominicano.com\/index.php?rest_route=\/wp\/v2\/types\/post"}],"author":[{"embeddable":true,"href":"https:\/\/diariodominicano.com\/index.php?rest_route=\/wp\/v2\/users\/3"}],"replies":[{"embeddable":true,"href":"https:\/\/diariodominicano.com\/index.php?rest_route=%2Fwp%2Fv2%2Fcomments&post=45047"}],"version-history":[{"count":0,"href":"https:\/\/diariodominicano.com\/index.php?rest_route=\/wp\/v2\/posts\/45047\/revisions"}],"wp:attachment":[{"href":"https:\/\/diariodominicano.com\/index.php?rest_route=%2Fwp%2Fv2%2Fmedia&parent=45047"}],"wp:term":[{"taxonomy":"category","embeddable":true,"href":"https:\/\/diariodominicano.com\/index.php?rest_route=%2Fwp%2Fv2%2Fcategories&post=45047"},{"taxonomy":"post_tag","embeddable":true,"href":"https:\/\/diariodominicano.com\/index.php?rest_route=%2Fwp%2Fv2%2Ftags&post=45047"}],"curies":[{"name":"wp","href":"https:\/\/api.w.org\/{rel}","templated":true}]}}