{"id":450418,"date":"2023-06-27T23:41:40","date_gmt":"2023-06-28T03:41:40","guid":{"rendered":"http:\/\/diariodominicano.com\/?p=450418"},"modified":"2023-06-27T23:41:40","modified_gmt":"2023-06-28T03:41:40","slug":"santiago-con-15-dias-sin-homicidio-mp","status":"publish","type":"post","link":"https:\/\/diariodominicano.com\/?p=450418","title":{"rendered":"Santiago con 15 d\u00edas sin homicidio: MP"},"content":{"rendered":"\n<p><strong>Luego de la Operaci\u00f3n Halc\u00f3n IV no se han registrado muertes violentas.<\/strong><\/p>\n\n\n\n<p>SANTIAGO, Rep\u00fablica Dominicana.- A ra\u00edz del despliegue de equipos operacionales del Ministerio P\u00fablico, la Direcci\u00f3n Nacional de Control de Drogas (DNCD), y la Polic\u00eda Nacional, en la Operaci\u00f3n Halc\u00f3n IV, que impact\u00f3 l\u00edderes del micro y el narcotr\u00e1fico, y en medio de cuyo operativo se ocuparon de drogas, armas y otros bienes, han descendido de manera significativa los hechos de violencia que se originaban por pugnas entre traficantes.\u00a0<\/p>\n\n\n\n<p>Luego del operativo desplegado, las autoridades mantienen el control operacional de esta provincia, en labores de prevenci\u00f3n, en puntos estrat\u00e9gicos que han evitado la ocurrencia de homicidios u otros hechos de violencia.&nbsp;<\/p>\n\n\n\n<p>La Operaci\u00f3n Halc\u00f3n IV permiti\u00f3 la identificaci\u00f3n de los principales cabecillas de las organizaciones criminales que operan en Santiago y otras ciudades del Cibao Central, donde tambi\u00e9n se arrest\u00f3 y dict\u00f3 medidas de coerci\u00f3n a tres de ellos en tanto se persigue a otros.&nbsp;<\/p>\n\n\n\n<p>La Fiscal\u00eda de Santiago, la Polic\u00eda y la DNCD, informaron que mantienen sus equipos operativos diseminados en las calles, en vigilia permanente y activa para evitar que se perturbe la paz p\u00fablica.<\/p>\n\n\n\n<p>Comunicaciones PGR<a target=\"_blank\" href=\"mailto:comunicaciones@pgr.gob.do\" rel=\"noreferrer noopener\">comunicaciones@pgr.gob.do<\/a><\/p>\n\n\n\n<p><strong>Direcci\u00f3n General de Comunicaci\u00f3n, Prensa, y RRPP<\/strong><\/p>\n\n\n\n<p>Ministerio P\u00fablico.&nbsp;R.D.<\/p>\n\n\n\n<p>Martes, 27 de junio de 2023.<\/p>\n","protected":false},"excerpt":{"rendered":"<p>Luego de la Operaci\u00f3n Halc\u00f3n IV no se han registrado muertes violentas. SANTIAGO, Rep\u00fablica Dominicana.- A ra\u00edz del despliegue de equipos operacionales del Ministerio P\u00fablico, la Direcci\u00f3n Nacional de Control de Drogas (DNCD), y la Polic\u00eda Nacional, en la Operaci\u00f3n Halc\u00f3n IV, que impact\u00f3 l\u00edderes del micro y el narcotr\u00e1fico, y en medio de cuyo [&hellip;]<\/p>\n","protected":false},"author":28,"featured_media":321605,"comment_status":"closed","ping_status":"","sticky":true,"template":"","format":"standard","meta":{"footnotes":""},"categories":[29,27],"tags":[],"class_list":["post-450418","post","type-post","status-publish","format-standard","has-post-thumbnail","hentry","category-policiasucesos","category-portada"],"_links":{"self":[{"href":"https:\/\/diariodominicano.com\/index.php?rest_route=\/wp\/v2\/posts\/450418","targetHints":{"allow":["GET"]}}],"collection":[{"href":"https:\/\/diariodominicano.com\/index.php?rest_route=\/wp\/v2\/posts"}],"about":[{"href":"https:\/\/diariodominicano.com\/index.php?rest_route=\/wp\/v2\/types\/post"}],"author":[{"embeddable":true,"href":"https:\/\/diariodominicano.com\/index.php?rest_route=\/wp\/v2\/users\/28"}],"replies":[{"embeddable":true,"href":"https:\/\/diariodominicano.com\/index.php?rest_route=%2Fwp%2Fv2%2Fcomments&post=450418"}],"version-history":[{"count":1,"href":"https:\/\/diariodominicano.com\/index.php?rest_route=\/wp\/v2\/posts\/450418\/revisions"}],"predecessor-version":[{"id":450419,"href":"https:\/\/diariodominicano.com\/index.php?rest_route=\/wp\/v2\/posts\/450418\/revisions\/450419"}],"wp:featuredmedia":[{"embeddable":true,"href":"https:\/\/diariodominicano.com\/index.php?rest_route=\/wp\/v2\/media\/321605"}],"wp:attachment":[{"href":"https:\/\/diariodominicano.com\/index.php?rest_route=%2Fwp%2Fv2%2Fmedia&parent=450418"}],"wp:term":[{"taxonomy":"category","embeddable":true,"href":"https:\/\/diariodominicano.com\/index.php?rest_route=%2Fwp%2Fv2%2Fcategories&post=450418"},{"taxonomy":"post_tag","embeddable":true,"href":"https:\/\/diariodominicano.com\/index.php?rest_route=%2Fwp%2Fv2%2Ftags&post=450418"}],"curies":[{"name":"wp","href":"https:\/\/api.w.org\/{rel}","templated":true}]}}