{"id":45036,"date":"2019-03-26T18:50:25","date_gmt":"2019-03-26T18:50:25","guid":{"rendered":"http:\/\/diariodominicano.ddns.net\/?p=45036"},"modified":"2019-03-26T18:50:25","modified_gmt":"2019-03-26T18:50:25","slug":"la-senal-de-campos-de-moya","status":"publish","type":"post","link":"https:\/\/diariodominicano.com\/?p=45036","title":{"rendered":"LA SE\u00d1AL DE CAMPOS DE MOYA"},"content":{"rendered":"<p><body><\/p>\n<p><strong>                                                                                                   Por Narciso Isa Conde<\/strong><\/p>\n<\/p>\n<p>Es demostrable que la re-postulaci\u00f3n del Presidente Medina y la maquinaria que en este momento la impulsa, tienen como \u00fanica motivaci\u00f3n garantizar al m\u00e1ximo su  impunidad y la de su corrompida facci\u00f3n pol\u00edtica, en el marco de una institucionalidad que  sirve a esos fines.<\/p>\n<p>La corriente pol\u00edtica que yo y otros\/as representamos ha rechazado y seguir\u00e1 rechazando tanto esa pretensi\u00f3n como cualquier otra que garantice la continuidad del sistema de corrupci\u00f3n e impunidad forjado en las  \u00faltimas d\u00e9cadas, ahora con car\u00e1cter de una dictadura constitucional que se reproduce a trav\u00e9s de un sistema electoral y de partidos, corrompido y tramposo.<\/p>\n<p>Las burdas declaraciones de Yomaira o Sonia Medina, expresi\u00f3n del nepotismo presidencial, no es m\u00e1s que otra muestra de degradaci\u00f3n  pol\u00edtica de quienes se aferran a  una concepci\u00f3n que concibe al Estado como una finca en la que el presidente de turno es su due\u00f1o y sus \u00edntimos familiares y colaboradores sus capataces, siempre asociados a los peores capitales privados.<\/p>\n<p> Ellas, sin embargo, han tenido la virtud de provocar la salida a la superficie de la intima convicci\u00f3n de Campos de Moya, portavoz del todopoderoso Grupo Vicini (estrechamente vinculado a la ultraderecha pol\u00edtica y empresarial estadounidense), c\u00f3mplice y beneficiario de la conformaci\u00f3n de un poder bajo control de mafias pol\u00edticas, empresariales y militares impunes, que ahora se inclina por hacer todo lo que est\u00e9 a su alcance por asegurar la reelecci\u00f3n del Presidente Medina; conscientes de que su socio en anterior en m\u00faltiples suciedades, el ex?presidente Fern\u00e1ndez, no cuenta con la fuerza suficiente para derrotar a Danilo al interior del PLD.<\/p>\n<p>Precisa se\u00f1al del designio coyuntural de esos magnates, que a su vez habr\u00e1 de gravitar sobre otros de igual catadura; mientras la decisi\u00f3n de Macarrulla (protegido tambi\u00e9n  por el Grupo Vicini) de pasarse a las filas Abinader, sino es una disidencia de \u00faltima por motivos no conocidos, se trata de la colocaci\u00f3n de un huevo m\u00e1s peque\u00f1o en la canasta del PRM; algo muy t\u00edpico de los s\u00faper ricos que invierten en pol\u00edtica y elecciones para sacar m\u00e1s, asumi\u00e9ndolas como negocio.<\/p>\n<p>Oficialismo reeleccionista y oposici\u00f3n interna (leonelista) y externa (perremeista)  -todos c\u00e1scaras de un mismo palo- est\u00e1n enfrascados en una espuria  disputa por el favor de los poderosos de aqu\u00ed y de ultramar, en la que Danilo luce con ventajas en cuanto al respaldo del GRUPO VICINI y Mr. Trump, entreg\u00e1ndoles desde el gobierno una gran tajada del patrimonio nacional y sum\u00e1ndose al intervencionismo contra la soberan\u00eda de Venezuela y  Nuestra Am\u00e9rica.<\/p>\n<p>Por eso sostengo que hay que rechazar la reelecci\u00f3n de Danilo, pero no para favorecer a Leonel  y\/o Abinader, que equivale a reciclar esta porquer\u00eda, sino para ejercer democracia de calle con mayor intensidad&#8230;.hasta quebrar esta institucionalidad pervertida y recrear una nueva, v\u00eda proceso constituyente.(PORTAL z101digital.com \/santo domingo,  RD 24-03-10)<\/p>\n<h6> 2019-03-26 18:50:25 <\/h6>\n<p><!--\n<link rel=\"stylesheet\" href=\"css\/bootstrap.min.css\">\n\n\n<ul class=\"pagination\">\n\t    \n\t\n\n<li >\n\t<a href='?page_no=778'>Previous<\/a>\n\t<\/li>\n\n\n       \n    \n\n<li><a href='?page_no=1'>1<\/a><\/li>\n\n\n\n<li><a href='?page_no=2'>2<\/a><\/li>\n\n\n\n<li><a>...<\/a><\/li>\n\n\n\n<li><a href='?page_no=777'>777<\/a><\/li>\n\n\n\n<li><a href='?page_no=778'>778<\/a><\/li>\n\n\n\n<li class='active'><a>779<\/a><\/li>\n\n\n\n<li><a href='?page_no=780'>780<\/a><\/li>\n\n\n\n<li><a href='?page_no=781'>781<\/a><\/li>\n\n\n\n<li><a>...<\/a><\/li>\n\n\n\n<li><a href='?page_no=13611'>13611<\/a><\/li>\n\n\n\n<li><a href='?page_no=13612'>13612<\/a><\/li>\n\n    \n\t\n\n<li >\n\t<a href='?page_no=780'>Next<\/a>\n\t<\/li>\n\n\n    \n\n<li><a href='?page_no=13612'>Last &rsaquo;&rsaquo;<\/a><\/li>\n\n<\/ul>\n\n\n--><br \/>\n<\/body><\/p>\n","protected":false},"excerpt":{"rendered":"<p>Por Narciso Isa Conde Es demostrable que la re-postulaci\u00f3n del Presidente Medina y la maquinaria que en este momento la impulsa, tienen como \u00fanica motivaci\u00f3n garantizar al m\u00e1ximo su impunidad y la de su corrompida facci\u00f3n pol\u00edtica, en el marco de una institucionalidad que sirve a esos fines. La corriente pol\u00edtica que yo y otros\/as [&hellip;]<\/p>\n","protected":false},"author":3,"featured_media":0,"comment_status":"open","ping_status":"open","sticky":false,"template":"","format":"standard","meta":{"footnotes":""},"categories":[16],"tags":[],"class_list":["post-45036","post","type-post","status-publish","format-standard","hentry","category-opiniones"],"_links":{"self":[{"href":"https:\/\/diariodominicano.com\/index.php?rest_route=\/wp\/v2\/posts\/45036","targetHints":{"allow":["GET"]}}],"collection":[{"href":"https:\/\/diariodominicano.com\/index.php?rest_route=\/wp\/v2\/posts"}],"about":[{"href":"https:\/\/diariodominicano.com\/index.php?rest_route=\/wp\/v2\/types\/post"}],"author":[{"embeddable":true,"href":"https:\/\/diariodominicano.com\/index.php?rest_route=\/wp\/v2\/users\/3"}],"replies":[{"embeddable":true,"href":"https:\/\/diariodominicano.com\/index.php?rest_route=%2Fwp%2Fv2%2Fcomments&post=45036"}],"version-history":[{"count":0,"href":"https:\/\/diariodominicano.com\/index.php?rest_route=\/wp\/v2\/posts\/45036\/revisions"}],"wp:attachment":[{"href":"https:\/\/diariodominicano.com\/index.php?rest_route=%2Fwp%2Fv2%2Fmedia&parent=45036"}],"wp:term":[{"taxonomy":"category","embeddable":true,"href":"https:\/\/diariodominicano.com\/index.php?rest_route=%2Fwp%2Fv2%2Fcategories&post=45036"},{"taxonomy":"post_tag","embeddable":true,"href":"https:\/\/diariodominicano.com\/index.php?rest_route=%2Fwp%2Fv2%2Ftags&post=45036"}],"curies":[{"name":"wp","href":"https:\/\/api.w.org\/{rel}","templated":true}]}}