{"id":450266,"date":"2023-06-27T10:45:19","date_gmt":"2023-06-27T14:45:19","guid":{"rendered":"http:\/\/diariodominicano.com\/?p=450266"},"modified":"2023-06-27T10:45:19","modified_gmt":"2023-06-27T14:45:19","slug":"haiti-discute-inicio-ano-escolar-2023-2024-en-proyectos-financiados-por-banco-mundial","status":"publish","type":"post","link":"https:\/\/diariodominicano.com\/?p=450266","title":{"rendered":"Hait\u00ed discute inicio a\u00f1o escolar 2023-2024 en proyectos financiados por Banco Mundial"},"content":{"rendered":"\n<p>diariodominicano.com<\/p>\n\n\n\n<p>Puerto Pr\u00edncipe, 27 jun (Prensa Latina) El ministro de Educaci\u00f3n de Hait\u00ed, Nesmy Manigat se reuni\u00f3 con el jefe global de Educaci\u00f3n del Banco Mundial sobre la necesidad de adaptar los proyectos cofinanciados por el organismo, confirm\u00f3 hoy el titular.<\/p>\n\n\n\n<p>En el encuentro que tuvo lugar en Washington, Manigat se\u00f1al\u00f3 a Jaime Saavedra que la reforma de esos proyectos cofinanciados por Global Partnership for Education permitir\u00eda la distribuci\u00f3n de m\u00e1s ejemplares de textos docentes en criollo haitiano para los alumnos de primero a cuarto grado.<\/p>\n\n\n\n<p>Asimismo, indic\u00f3 que ser\u00eda una herramienta para capacitar a los maestros e incrementar los comedores escolares que utilizan alimentos locales para el ciclo acad\u00e9mico 2023-2024, de acuerdo con un mensaje en la red social Twitter.<\/p>\n\n\n\n<p>El libro \u00fanico para la ense\u00f1anza primaria en Hait\u00ed est\u00e1 disponible desde enero en las escuelas y fortalece la educaci\u00f3n en idioma criollo, lengua materna de m\u00e1s del 95 por ciento de la poblaci\u00f3n.<\/p>\n\n\n\n<p>Para Manigat, la iniciaci\u00f3n de la lengua criolla desde el primer a\u00f1o de la educaci\u00f3n b\u00e1sica es una forma de cambiar la percepci\u00f3n de las personas sobre el idioma nacional y corresponde al Ministerio proporcionar a los estudiantes las herramientas necesarias para dominar su lengua materna lo antes posible.<\/p>\n\n\n\n<p>Adem\u00e1s, el ministro estima que es posible modificar el modo de ense\u00f1anza si la comunidad educativa utiliza el texto en su versi\u00f3n de papel o digital, ya que permitir\u00e1 nivelar a los estudiantes para que la ense\u00f1anza no tenga varias velocidades de acuerdo con la instituci\u00f3n docente.<\/p>\n\n\n\n<p>mem\/ane<\/p>\n","protected":false},"excerpt":{"rendered":"<p>diariodominicano.com Puerto Pr\u00edncipe, 27 jun (Prensa Latina) El ministro de Educaci\u00f3n de Hait\u00ed, Nesmy Manigat se reuni\u00f3 con el jefe global de Educaci\u00f3n del Banco Mundial sobre la necesidad de adaptar los proyectos cofinanciados por el organismo, confirm\u00f3 hoy el titular. En el encuentro que tuvo lugar en Washington, Manigat se\u00f1al\u00f3 a Jaime Saavedra que [&hellip;]<\/p>\n","protected":false},"author":5,"featured_media":450267,"comment_status":"closed","ping_status":"","sticky":true,"template":"","format":"standard","meta":{"footnotes":""},"categories":[112,23,27],"tags":[],"class_list":["post-450266","post","type-post","status-publish","format-standard","has-post-thumbnail","hentry","category-haiti","category-internacional","category-portada"],"_links":{"self":[{"href":"https:\/\/diariodominicano.com\/index.php?rest_route=\/wp\/v2\/posts\/450266","targetHints":{"allow":["GET"]}}],"collection":[{"href":"https:\/\/diariodominicano.com\/index.php?rest_route=\/wp\/v2\/posts"}],"about":[{"href":"https:\/\/diariodominicano.com\/index.php?rest_route=\/wp\/v2\/types\/post"}],"author":[{"embeddable":true,"href":"https:\/\/diariodominicano.com\/index.php?rest_route=\/wp\/v2\/users\/5"}],"replies":[{"embeddable":true,"href":"https:\/\/diariodominicano.com\/index.php?rest_route=%2Fwp%2Fv2%2Fcomments&post=450266"}],"version-history":[{"count":1,"href":"https:\/\/diariodominicano.com\/index.php?rest_route=\/wp\/v2\/posts\/450266\/revisions"}],"predecessor-version":[{"id":450268,"href":"https:\/\/diariodominicano.com\/index.php?rest_route=\/wp\/v2\/posts\/450266\/revisions\/450268"}],"wp:featuredmedia":[{"embeddable":true,"href":"https:\/\/diariodominicano.com\/index.php?rest_route=\/wp\/v2\/media\/450267"}],"wp:attachment":[{"href":"https:\/\/diariodominicano.com\/index.php?rest_route=%2Fwp%2Fv2%2Fmedia&parent=450266"}],"wp:term":[{"taxonomy":"category","embeddable":true,"href":"https:\/\/diariodominicano.com\/index.php?rest_route=%2Fwp%2Fv2%2Fcategories&post=450266"},{"taxonomy":"post_tag","embeddable":true,"href":"https:\/\/diariodominicano.com\/index.php?rest_route=%2Fwp%2Fv2%2Ftags&post=450266"}],"curies":[{"name":"wp","href":"https:\/\/api.w.org\/{rel}","templated":true}]}}