{"id":450172,"date":"2023-06-26T17:11:48","date_gmt":"2023-06-26T21:11:48","guid":{"rendered":"http:\/\/diariodominicano.com\/?p=450172"},"modified":"2023-06-26T17:11:48","modified_gmt":"2023-06-26T21:11:48","slug":"la-fiscalia-de-san-pedro-de-macoris-obtiene-20-anos-de-prision-contra-dos-hombres-que-violaron-a-una-menor-de-edad-quien-quedo-embarazada","status":"publish","type":"post","link":"https:\/\/diariodominicano.com\/?p=450172","title":{"rendered":"La Fiscal\u00eda de San Pedro de Macor\u00eds obtiene 20 a\u00f1os de prisi\u00f3n contra dos hombres que violaron a una menor de edad, quien qued\u00f3 embarazada"},"content":{"rendered":"\n<p>SAN PEDRO DE MACOR\u00cdS, Rep\u00fablica Dominicana.- El Ministerio P\u00fablico de San Pedro de Macor\u00eds  logr\u00f3 que fueran condenados a 20 a\u00f1os de prisi\u00f3n dos hombres acusados de violar sexualmente en varias ocasiones a una menor de edad, hasta que la v\u00edctima qued\u00f3 embarazada.<\/p>\n\n\n\n<p>El Tribunal Colegiado del Distrito Judicial de San Pedro de Macor\u00eds, integrado por los jueces Juan de la Cruz Rijo G\u00fc\u00edlamo, Bethania del Carmen Conce Polanco y Katerine Santana Mej\u00eda, declararon a Joel Jonathan Justo y a Pedro Julio Perdomo Ruiz, culpables del crimen de violaci\u00f3n sexual agravada por ser cometida contra una menor de edad, con amenaza de un arma blanca y por m\u00e1s de un autor.<\/p>\n\n\n\n<p>Ambos deber\u00e1n cumplir la prisi\u00f3n en el Centro de Correcci\u00f3n y Rehabilitaci\u00f3n de San Pedro de Macor\u00eds y pagar cada uno una multa de RD$100 mil, por disposici\u00f3n del tribunal, que los declar\u00f3 culpables de violar el art\u00edculo 331 del C\u00f3digo Penal Dominicano, que sanciona la violaci\u00f3n sexual.<\/p>\n\n\n\n<p>El fiscal Pedro Adael Garc\u00eda de Pe\u00f1a, durante el juicio, aport\u00f3 pruebas testimoniales, audiovisuales y documentales, con las que pudo probar, fuera de toda duda, que los acusados cometieron los hechos en la vivienda de Joel Jonathan Justo y en una casa abandonada del sector Santa Fe, en esta ciudad.<\/p>\n\n\n\n<p>Justo y Perdomo, en combinaci\u00f3n con otro individuo que se encuentra pr\u00f3fugo, en varias ocasiones obligaron a la menor de edad a tener relaciones con ellos, desde antes de que esta cumpliera los 13 a\u00f1os.<\/p>\n\n\n\n<p>Para cometer los hechos los acusados amenazaban a la v\u00edctima, advirti\u00e9ndole que, si mostraba resistencia, les har\u00edan da\u00f1o a otras tres de sus hermanas, tambi\u00e9n menores de edad, seg\u00fan relata el expediente acusatorio instrumentado por el Ministerio P\u00fablico.<\/p>\n\n\n\n<p>Parientes de la v\u00edctima denunciaron el hecho en fecha 28 de mayo de 2019, por ante la Unidad de Atenci\u00f3n Integral a V\u00edctimas de Violencia de G\u00e9nero, Intrafamiliar y Delitos Sexuales de San Pedro de Macor\u00eds, tras enterarse de que la ni\u00f1a, producto de las sucesivas violaciones sexuales, hab\u00eda quedado embarazada.<\/p>\n\n\n\n<p><strong>Direcci\u00f3n General de Comunicaci\u00f3n, Prensa, y RRPP<\/strong><\/p>\n\n\n\n<p>Ministerio P\u00fablico.&nbsp;R.D.<\/p>\n\n\n\n<p>Lunes, 26 de junio de 2023.<\/p>\n","protected":false},"excerpt":{"rendered":"<p>SAN PEDRO DE MACOR\u00cdS, Rep\u00fablica Dominicana.- El Ministerio P\u00fablico de San Pedro de Macor\u00eds logr\u00f3 que fueran condenados a 20 a\u00f1os de prisi\u00f3n dos hombres acusados de violar sexualmente en varias ocasiones a una menor de edad, hasta que la v\u00edctima qued\u00f3 embarazada. El Tribunal Colegiado del Distrito Judicial de San Pedro de Macor\u00eds, integrado [&hellip;]<\/p>\n","protected":false},"author":28,"featured_media":295291,"comment_status":"closed","ping_status":"","sticky":true,"template":"","format":"standard","meta":{"footnotes":""},"categories":[24,29,27],"tags":[],"class_list":["post-450172","post","type-post","status-publish","format-standard","has-post-thumbnail","hentry","category-justicia-y-derecho","category-policiasucesos","category-portada"],"_links":{"self":[{"href":"https:\/\/diariodominicano.com\/index.php?rest_route=\/wp\/v2\/posts\/450172","targetHints":{"allow":["GET"]}}],"collection":[{"href":"https:\/\/diariodominicano.com\/index.php?rest_route=\/wp\/v2\/posts"}],"about":[{"href":"https:\/\/diariodominicano.com\/index.php?rest_route=\/wp\/v2\/types\/post"}],"author":[{"embeddable":true,"href":"https:\/\/diariodominicano.com\/index.php?rest_route=\/wp\/v2\/users\/28"}],"replies":[{"embeddable":true,"href":"https:\/\/diariodominicano.com\/index.php?rest_route=%2Fwp%2Fv2%2Fcomments&post=450172"}],"version-history":[{"count":1,"href":"https:\/\/diariodominicano.com\/index.php?rest_route=\/wp\/v2\/posts\/450172\/revisions"}],"predecessor-version":[{"id":450173,"href":"https:\/\/diariodominicano.com\/index.php?rest_route=\/wp\/v2\/posts\/450172\/revisions\/450173"}],"wp:featuredmedia":[{"embeddable":true,"href":"https:\/\/diariodominicano.com\/index.php?rest_route=\/wp\/v2\/media\/295291"}],"wp:attachment":[{"href":"https:\/\/diariodominicano.com\/index.php?rest_route=%2Fwp%2Fv2%2Fmedia&parent=450172"}],"wp:term":[{"taxonomy":"category","embeddable":true,"href":"https:\/\/diariodominicano.com\/index.php?rest_route=%2Fwp%2Fv2%2Fcategories&post=450172"},{"taxonomy":"post_tag","embeddable":true,"href":"https:\/\/diariodominicano.com\/index.php?rest_route=%2Fwp%2Fv2%2Ftags&post=450172"}],"curies":[{"name":"wp","href":"https:\/\/api.w.org\/{rel}","templated":true}]}}