{"id":450112,"date":"2023-06-26T14:25:03","date_gmt":"2023-06-26T18:25:03","guid":{"rendered":"http:\/\/diariodominicano.com\/?p=450112"},"modified":"2023-06-27T07:05:18","modified_gmt":"2023-06-27T11:05:18","slug":"maria-diaz-celebra-40-anos-en-el-merengue-tipico","status":"publish","type":"post","link":"https:\/\/diariodominicano.com\/?p=450112","title":{"rendered":"Mar\u00eda D\u00edaz celebra 40 a\u00f1os en el merengue t\u00edpico"},"content":{"rendered":"\n<p>   Mar\u00eda D\u00edaz <\/p>\n\n\n\n<p><br>New York.&nbsp; Con una extensa gira por todo Estados Unidos, la reina Mar\u00eda D\u00edaz celebrar\u00e1 sus 40 a\u00f1os de carrera art\u00edstica.<\/p>\n\n\n\n<p><br>Se trata del recorrido musical m\u00e1s importante de la reina del merengue t\u00edpico, donde celebrar\u00e1 por todo lo alto cuatro d\u00e9cadas en el mundo del entretenimiento.<br>De la mano del comunicador y empresario art\u00edstico Manny Rodr\u00edguez y su empresa MR Multimedia Group LLC, se realizar\u00e1 la gira desde el 15 de agosto de este a\u00f1o 2023.<\/p>\n\n\n\n<p><br>\u201cMe siento emocionada y feliz de celebrar junto a la di\u00e1spora dominicana y latina mis cuarenta a\u00f1os en el arte, una oportunidad para reencontrarme con toda mi gente y llevar mi m\u00fasica t\u00edpica a ese pa\u00eds anglosaj\u00f3n\u201d, coment\u00f3 la reina.<\/p>\n\n\n\n<figure class=\"wp-block-image size-large\"><img loading=\"lazy\" decoding=\"async\" width=\"801\" height=\"1024\" src=\"https:\/\/diariodominicano.com\/wp-content\/uploads\/2023\/06\/IMG_5618-801x1024.jpg\" alt=\"\" class=\"wp-image-450116\" srcset=\"https:\/\/diariodominicano.com\/wp-content\/uploads\/2023\/06\/IMG_5618-801x1024.jpg 801w, https:\/\/diariodominicano.com\/wp-content\/uploads\/2023\/06\/IMG_5618-235x300.jpg 235w, https:\/\/diariodominicano.com\/wp-content\/uploads\/2023\/06\/IMG_5618-768x982.jpg 768w, https:\/\/diariodominicano.com\/wp-content\/uploads\/2023\/06\/IMG_5618-1201x1536.jpg 1201w, https:\/\/diariodominicano.com\/wp-content\/uploads\/2023\/06\/IMG_5618-1602x2048.jpg 1602w, https:\/\/diariodominicano.com\/wp-content\/uploads\/2023\/06\/IMG_5618-816x1043.jpg 816w, https:\/\/diariodominicano.com\/wp-content\/uploads\/2023\/06\/IMG_5618-scaled.jpg 2002w\" sizes=\"auto, (max-width: 801px) 100vw, 801px\" \/><figcaption>Mar\u00eda D\u00edaz<\/figcaption><\/figure>\n\n\n\n<p><br>\u201cMar\u00eda Diaz, Marca Pa\u00eds\u201d &nbsp;tocar\u00e1 varias ciudades de Estados Unidos, donde Mar\u00eda presentar\u00e1 su dilatado repertorio de buenos merengues.<\/p>\n\n\n\n<p><br>\u201cCumand\u00e9\u00bb, \u00abLa torera\u00bb, \u00bb \u00abPalo pa\u00b4 le\u00f1a\u00bb, \u00abLa difunta\u00bb, \u00abLa vejez no tiene remedio\u00bb, \u201cSe fue llorando\u201d y otros, forman parte del legado musical de esta importante y reconocida acordeonista dominicana.<\/p>\n\n\n\n<p>Marilyn Ventura<a target=\"_blank\" href=\"mailto:mvrelacionespublicas@gmail.com\" rel=\"noreferrer noopener\">mvrelacionespublicas@gmail.co<\/a><\/p>\n","protected":false},"excerpt":{"rendered":"<p>Mar\u00eda D\u00edaz New York.&nbsp; Con una extensa gira por todo Estados Unidos, la reina Mar\u00eda D\u00edaz celebrar\u00e1 sus 40 a\u00f1os de carrera art\u00edstica. Se trata del recorrido musical m\u00e1s importante de la reina del merengue t\u00edpico, donde celebrar\u00e1 por todo lo alto cuatro d\u00e9cadas en el mundo del entretenimiento.De la mano del comunicador y empresario [&hellip;]<\/p>\n","protected":false},"author":28,"featured_media":450242,"comment_status":"closed","ping_status":"","sticky":true,"template":"","format":"standard","meta":{"footnotes":""},"categories":[36,25,27,32],"tags":[],"class_list":["post-450112","post","type-post","status-publish","format-standard","has-post-thumbnail","hentry","category-hombresmujeresycosas","category-gente","category-portada","category-turismo"],"_links":{"self":[{"href":"https:\/\/diariodominicano.com\/index.php?rest_route=\/wp\/v2\/posts\/450112","targetHints":{"allow":["GET"]}}],"collection":[{"href":"https:\/\/diariodominicano.com\/index.php?rest_route=\/wp\/v2\/posts"}],"about":[{"href":"https:\/\/diariodominicano.com\/index.php?rest_route=\/wp\/v2\/types\/post"}],"author":[{"embeddable":true,"href":"https:\/\/diariodominicano.com\/index.php?rest_route=\/wp\/v2\/users\/28"}],"replies":[{"embeddable":true,"href":"https:\/\/diariodominicano.com\/index.php?rest_route=%2Fwp%2Fv2%2Fcomments&post=450112"}],"version-history":[{"count":4,"href":"https:\/\/diariodominicano.com\/index.php?rest_route=\/wp\/v2\/posts\/450112\/revisions"}],"predecessor-version":[{"id":450243,"href":"https:\/\/diariodominicano.com\/index.php?rest_route=\/wp\/v2\/posts\/450112\/revisions\/450243"}],"wp:featuredmedia":[{"embeddable":true,"href":"https:\/\/diariodominicano.com\/index.php?rest_route=\/wp\/v2\/media\/450242"}],"wp:attachment":[{"href":"https:\/\/diariodominicano.com\/index.php?rest_route=%2Fwp%2Fv2%2Fmedia&parent=450112"}],"wp:term":[{"taxonomy":"category","embeddable":true,"href":"https:\/\/diariodominicano.com\/index.php?rest_route=%2Fwp%2Fv2%2Fcategories&post=450112"},{"taxonomy":"post_tag","embeddable":true,"href":"https:\/\/diariodominicano.com\/index.php?rest_route=%2Fwp%2Fv2%2Ftags&post=450112"}],"curies":[{"name":"wp","href":"https:\/\/api.w.org\/{rel}","templated":true}]}}