{"id":449981,"date":"2023-06-26T00:28:05","date_gmt":"2023-06-26T04:28:05","guid":{"rendered":"http:\/\/diariodominicano.com\/?p=449981"},"modified":"2023-06-26T00:30:42","modified_gmt":"2023-06-26T04:30:42","slug":"escandalosa-decision-procuradora-fiscal-de-montecristi-ordena-dejar-simplemente-en-libertad-a-presuntos-secuestradores-tras-tiroteo-en-manzanillo","status":"publish","type":"post","link":"https:\/\/diariodominicano.com\/?p=449981","title":{"rendered":"Escandalosa decisi\u00f3n: Procuradora Fiscal de Montecristi ordena dejar simplemente en libertad a presuntos secuestradores tras tiroteo en Manzanillo"},"content":{"rendered":"\n<p>Supuestos secuestradores detenidos en el chequeo  en la salida de Manzanillo.<\/p>\n\n\n\n<p>Por Frank Valenzuela<\/p>\n\n\n\n<p>Manzanillo, Montecristi. &#8211; La comunidad de Manzanillo se encuentra sumida en la indignaci\u00f3n y el desconcierto despu\u00e9s de que la procuradora del Distrito Judicial de Montecristi, Johanny A. Herrera, haya ordenado la liberaci\u00f3n de los presuntos secuestradores responsables de tratar de sacar por la fuerza de un restaurant a una persona y realizar &nbsp;un violento tiroteo en plena calle &nbsp;en el frente del lugar ubicado en la calle&nbsp; 27 de febrero &nbsp;. La decisi\u00f3n ha generado un esc\u00e1ndalo sin precedentes y ha dejado perplejos a los habitantes.<\/p>\n\n\n\n<figure class=\"wp-block-image size-full\"><img loading=\"lazy\" decoding=\"async\" width=\"780\" height=\"975\" src=\"https:\/\/diariodominicano.com\/wp-content\/uploads\/2023\/06\/Yipeta-en-la-que-intentaron-hacer-penetrar-al-llamado-Santiafo.jpg\" alt=\"\" class=\"wp-image-449983\" srcset=\"https:\/\/diariodominicano.com\/wp-content\/uploads\/2023\/06\/Yipeta-en-la-que-intentaron-hacer-penetrar-al-llamado-Santiafo.jpg 780w, https:\/\/diariodominicano.com\/wp-content\/uploads\/2023\/06\/Yipeta-en-la-que-intentaron-hacer-penetrar-al-llamado-Santiafo-240x300.jpg 240w, https:\/\/diariodominicano.com\/wp-content\/uploads\/2023\/06\/Yipeta-en-la-que-intentaron-hacer-penetrar-al-llamado-Santiafo-768x960.jpg 768w\" sizes=\"auto, (max-width: 780px) 100vw, 780px\" \/><figcaption>Yipeta en la que intentaron hacer penetrar al llamado Santiago<\/figcaption><\/figure>\n\n\n\n<figure class=\"wp-block-image size-large\"><img loading=\"lazy\" decoding=\"async\" width=\"1024\" height=\"1024\" src=\"https:\/\/diariodominicano.com\/wp-content\/uploads\/2023\/06\/eb966e69-0dcc-4a05-abef-6661058b4800-1024x1024.jpg\" alt=\"\" class=\"wp-image-449990\" srcset=\"https:\/\/diariodominicano.com\/wp-content\/uploads\/2023\/06\/eb966e69-0dcc-4a05-abef-6661058b4800-1024x1024.jpg 1024w, https:\/\/diariodominicano.com\/wp-content\/uploads\/2023\/06\/eb966e69-0dcc-4a05-abef-6661058b4800-300x300.jpg 300w, https:\/\/diariodominicano.com\/wp-content\/uploads\/2023\/06\/eb966e69-0dcc-4a05-abef-6661058b4800-150x150.jpg 150w, https:\/\/diariodominicano.com\/wp-content\/uploads\/2023\/06\/eb966e69-0dcc-4a05-abef-6661058b4800-768x768.jpg 768w, https:\/\/diariodominicano.com\/wp-content\/uploads\/2023\/06\/eb966e69-0dcc-4a05-abef-6661058b4800-88x88.jpg 88w, https:\/\/diariodominicano.com\/wp-content\/uploads\/2023\/06\/eb966e69-0dcc-4a05-abef-6661058b4800-816x816.jpg 816w, https:\/\/diariodominicano.com\/wp-content\/uploads\/2023\/06\/eb966e69-0dcc-4a05-abef-6661058b4800.jpg 1080w\" sizes=\"auto, (max-width: 1024px) 100vw, 1024px\" \/><\/figure>\n\n\n\n<p>El capit\u00e1n de la lancha Cayo 1, Santiago Sosa de los Santos, y tres tripulantes m\u00e1s, Pedro Brand de la Cruz, Joselito Antonio Paulino y Mariglen Hotaj, fueron puestos en libertad el pasado s\u00e1bado, generando a\u00fan m\u00e1s indignaci\u00f3n entre los ciudadanos. Los empleados del Restaurante El Puerto, testigos directos de los hechos, se vieron obligados a expulsar a las personas involucradas por temor a que ocurriera una tragedia en el establecimiento.<\/p>\n\n\n\n<figure class=\"wp-block-image size-large\"><img loading=\"lazy\" decoding=\"async\" width=\"576\" height=\"1024\" src=\"https:\/\/diariodominicano.com\/wp-content\/uploads\/2023\/06\/eL-LLAMADO-sANTIGO-cAPITAN-DE-LA-LANCHA-RAPIDA-RESULTA-HERIDO-CON-GOLPE-DE-LA-PISTOLA-DE-UNO-DE-LOS-SUSPUESTOS-ATRACADORES-576x1024.jpg\" alt=\"\" class=\"wp-image-449984\" srcset=\"https:\/\/diariodominicano.com\/wp-content\/uploads\/2023\/06\/eL-LLAMADO-sANTIGO-cAPITAN-DE-LA-LANCHA-RAPIDA-RESULTA-HERIDO-CON-GOLPE-DE-LA-PISTOLA-DE-UNO-DE-LOS-SUSPUESTOS-ATRACADORES-576x1024.jpg 576w, https:\/\/diariodominicano.com\/wp-content\/uploads\/2023\/06\/eL-LLAMADO-sANTIGO-cAPITAN-DE-LA-LANCHA-RAPIDA-RESULTA-HERIDO-CON-GOLPE-DE-LA-PISTOLA-DE-UNO-DE-LOS-SUSPUESTOS-ATRACADORES-169x300.jpg 169w, https:\/\/diariodominicano.com\/wp-content\/uploads\/2023\/06\/eL-LLAMADO-sANTIGO-cAPITAN-DE-LA-LANCHA-RAPIDA-RESULTA-HERIDO-CON-GOLPE-DE-LA-PISTOLA-DE-UNO-DE-LOS-SUSPUESTOS-ATRACADORES.jpg 720w\" sizes=\"auto, (max-width: 576px) 100vw, 576px\" \/><figcaption>El identificado como Santiago, capit\u00e1n de la lancha herido con golpes de  pistola por los supuestos atracadores.<\/figcaption><\/figure>\n\n\n\n<figure class=\"wp-block-image size-large\"><img loading=\"lazy\" decoding=\"async\" width=\"768\" height=\"1024\" src=\"https:\/\/diariodominicano.com\/wp-content\/uploads\/2023\/06\/7067310f-42b0-45a9-8bf3-b05b01b3adc5-768x1024.jpg\" alt=\"\" class=\"wp-image-449985\" srcset=\"https:\/\/diariodominicano.com\/wp-content\/uploads\/2023\/06\/7067310f-42b0-45a9-8bf3-b05b01b3adc5-768x1024.jpg 768w, https:\/\/diariodominicano.com\/wp-content\/uploads\/2023\/06\/7067310f-42b0-45a9-8bf3-b05b01b3adc5-225x300.jpg 225w, https:\/\/diariodominicano.com\/wp-content\/uploads\/2023\/06\/7067310f-42b0-45a9-8bf3-b05b01b3adc5.jpg 780w\" sizes=\"auto, (max-width: 768px) 100vw, 768px\" \/><figcaption> La r\u00e1pida intervenci\u00f3n de la Polic\u00eda Nacional, bajo el mando del director de la regional del Noroeste, Isa\u00edas Marte, y en colaboraci\u00f3n con el Ej\u00e9rcito, condujo a la detenci\u00f3n de los agresores en el cruce de Copey-Pepillo Salcedo, evitando as\u00ed un desenlace a\u00fan m\u00e1s tr\u00e1gico en Manzanillo. <\/figcaption><\/figure>\n\n\n\n<figure class=\"wp-block-image size-large\"><img loading=\"lazy\" decoding=\"async\" width=\"768\" height=\"1024\" src=\"https:\/\/diariodominicano.com\/wp-content\/uploads\/2023\/06\/Fiscal-ordena-libertad-768x1024.jpg\" alt=\"\" class=\"wp-image-449988\" srcset=\"https:\/\/diariodominicano.com\/wp-content\/uploads\/2023\/06\/Fiscal-ordena-libertad-768x1024.jpg 768w, https:\/\/diariodominicano.com\/wp-content\/uploads\/2023\/06\/Fiscal-ordena-libertad-225x300.jpg 225w, https:\/\/diariodominicano.com\/wp-content\/uploads\/2023\/06\/Fiscal-ordena-libertad.jpg 780w\" sizes=\"auto, (max-width: 768px) 100vw, 768px\" \/><figcaption>Fiscal orden\u00f3 la libertad. <\/figcaption><\/figure>\n\n\n\n<p>El incidente ocurri\u00f3 a plena luz del d\u00eda y frente a todos los empleados del restaurante local. Testigos relatan escenas de p\u00e1nico y terror mientras los presuntos delincuentes amenazaban a sus v\u00edctimas con armas de fuego y lograban sacarlas del lugar. Al intentar introducir a la fuerza a una yipeta a uno de los secuestrados, Santiago Sosa de los Santos logr\u00f3 escapar, lo que dio lugar a un tiroteo en un intento por detenerlo o asesinarlo.<\/p>\n\n\n\n<p>En relaci\u00f3n con los sucesos ocurridos, se destaca que supuestamente las causas de lo ocurrido estar\u00edan relacionadas con un ajuste de cuentas vinculado a actividades ilegales de trata de personas hacia Puerto Rico y desde Cuba hacia la Rep\u00fablica Dominicana. Seg\u00fan la informaci\u00f3n recopilada, el objetivo del secuestro era Santiago Sosa de los Santos, quien se encontraba en medio de un conflicto por una deuda con un individuo llamado Pelofino, relacionado con el negocio de viajes ilegales.<\/p>\n\n\n\n<p>El rumor p\u00fablico que circula en Manzanillo destaca que estos individuos se dedican a buscar en Cuba a j\u00f3venes prospectos del b\u00e9isbol.&nbsp; Seg\u00fan declaraciones del capit\u00e1n de la lancha, Santiago Sosa de los Santos, autodenomina a esta \u00b4persona \u201cturistas cubanos\u00bb y supuestamente utilizan lanchas r\u00e1pidas para ingresar ese pa\u00eds &nbsp;en su traslados a Republica Dominicana.<\/p>\n\n\n\n<p>Ante esta situaci\u00f3n, la indignaci\u00f3n se ha extendido r\u00e1pidamente por toda la comunidad, pues resulta incomprensible que la justicia haya tomado la simple decisi\u00f3n de liberar a estas personas, a pesar de los graves delitos que han cometido. La procuradora del Distrito Judicial de Montecristi, Johanny A. Herrera, ha sido duramente criticada por su papel en esta escandalosa resoluci\u00f3n judicial.<\/p>\n\n\n\n<p>\u00abEs una burla a la justicia y a la seguridad de nuestra comunidad\u00bb, comenta un residente de Manzanillo, visiblemente consternado. \u00abEstamos en riesgo, porque estos individuos han demostrado que son capaces de cometer actos violentos sin ning\u00fan remordimiento\u00bb.<\/p>\n\n\n\n<p>La palabra \u00absecuestro\u00bb ha cobrado un nuevo significado en Manzanillo, donde los habitantes se sienten desprotegidos y vulnerables frente a la impunidad de los delincuentes. La comunidad exige respuestas y una justicia que est\u00e9 a la altura de las circunstancias.<\/p>\n\n\n\n<p>Las c\u00e1maras de seguridad, tanto dentro como fuera del restaurante, captaron el momento en que los presuntos secuestradores llegaron al lugar, intentando llevarse a Santiago Sosa de los Santos. El administrador del restaurante les advirti\u00f3 que estaban siendo grabados-<\/p>\n\n\n\n<p>La presencia de c\u00e1maras de seguridad en el Restaurante El Puerto ha sido crucial para documentar los momentos en que los supuestos secuestradores intentaron raptar a Santiago Sosa de los Santos.<\/p>\n\n\n\n<p>Santiago Sosa de los Santos, el capit\u00e1n de la lancha involucrada en los hechos ha brindado declaraciones a los medios despu\u00e9s de sufrir golpes en la cabeza durante el intento de secuestro. Seg\u00fan sus palabras, fue citado por Pelofino desde Puerto Plata, y posteriormente llegaron los desconocidos armados.<\/p>\n\n\n\n<p>La r\u00e1pida intervenci\u00f3n de la Polic\u00eda Nacional, bajo el mando del director de la regional del Noroeste, Isa\u00edas Marte, y en colaboraci\u00f3n con el Ej\u00e9rcito, condujo a la detenci\u00f3n de los agresores en el cruce de Copey-Pepillo Salcedo, evitando as\u00ed un desenlace a\u00fan m\u00e1s tr\u00e1gico en Manzanillo.<\/p>\n\n\n\n<p>Este suceso ha dejado al descubierto la necesidad de fortalecer la seguridad en Manzanillo y tomar medidas para prevenir y combatir actividades delictivas relacionadas con el secuestro y la trata de personas.\u00a0<\/p>\n\n\n\n<p>Bahia Fronteriza<a target=\"_blank\" href=\"mailto:bahiafronteriza@gmail.com\" rel=\"noreferrer noopener\">bahiafronteriza@gmail.com<\/a><\/p>\n","protected":false},"excerpt":{"rendered":"<p>Supuestos secuestradores detenidos en el chequeo en la salida de Manzanillo. Por Frank Valenzuela Manzanillo, Montecristi. &#8211; La comunidad de Manzanillo se encuentra sumida en la indignaci\u00f3n y el desconcierto despu\u00e9s de que la procuradora del Distrito Judicial de Montecristi, Johanny A. Herrera, haya ordenado la liberaci\u00f3n de los presuntos secuestradores responsables de tratar de [&hellip;]<\/p>\n","protected":false},"author":28,"featured_media":449982,"comment_status":"closed","ping_status":"","sticky":false,"template":"","format":"standard","meta":{"footnotes":""},"categories":[24,29],"tags":[],"class_list":["post-449981","post","type-post","status-publish","format-standard","has-post-thumbnail","hentry","category-justicia-y-derecho","category-policiasucesos"],"_links":{"self":[{"href":"https:\/\/diariodominicano.com\/index.php?rest_route=\/wp\/v2\/posts\/449981","targetHints":{"allow":["GET"]}}],"collection":[{"href":"https:\/\/diariodominicano.com\/index.php?rest_route=\/wp\/v2\/posts"}],"about":[{"href":"https:\/\/diariodominicano.com\/index.php?rest_route=\/wp\/v2\/types\/post"}],"author":[{"embeddable":true,"href":"https:\/\/diariodominicano.com\/index.php?rest_route=\/wp\/v2\/users\/28"}],"replies":[{"embeddable":true,"href":"https:\/\/diariodominicano.com\/index.php?rest_route=%2Fwp%2Fv2%2Fcomments&post=449981"}],"version-history":[{"count":4,"href":"https:\/\/diariodominicano.com\/index.php?rest_route=\/wp\/v2\/posts\/449981\/revisions"}],"predecessor-version":[{"id":449991,"href":"https:\/\/diariodominicano.com\/index.php?rest_route=\/wp\/v2\/posts\/449981\/revisions\/449991"}],"wp:featuredmedia":[{"embeddable":true,"href":"https:\/\/diariodominicano.com\/index.php?rest_route=\/wp\/v2\/media\/449982"}],"wp:attachment":[{"href":"https:\/\/diariodominicano.com\/index.php?rest_route=%2Fwp%2Fv2%2Fmedia&parent=449981"}],"wp:term":[{"taxonomy":"category","embeddable":true,"href":"https:\/\/diariodominicano.com\/index.php?rest_route=%2Fwp%2Fv2%2Fcategories&post=449981"},{"taxonomy":"post_tag","embeddable":true,"href":"https:\/\/diariodominicano.com\/index.php?rest_route=%2Fwp%2Fv2%2Ftags&post=449981"}],"curies":[{"name":"wp","href":"https:\/\/api.w.org\/{rel}","templated":true}]}}