{"id":449947,"date":"2023-06-25T23:23:44","date_gmt":"2023-06-26T03:23:44","guid":{"rendered":"http:\/\/diariodominicano.com\/?p=449947"},"modified":"2023-06-25T23:28:14","modified_gmt":"2023-06-26T03:28:14","slug":"mensaje-del-mayor-general-jaime-marte-martinez-presidente-del-consejo-nacional-de-drogas","status":"publish","type":"post","link":"https:\/\/diariodominicano.com\/?p=449947","title":{"rendered":"Mensaje del Mayor General Jaime Marte Mart\u00ednez, Presidente del Consejo Nacional de Drogas"},"content":{"rendered":"\n<p> Licenciado Jaime Marte Mart\u00ednez<br>Mayor General (SP), P.N. <\/p>\n\n\n\n<p> <br><br>Hoy al conmemorar el D\u00eda Internacional de la Lucha contra el Uso Indebido y el Tr\u00e1fico Il\u00edcito de Drogas, aprovecho la ocasi\u00f3n para invitar a reflexionar y renovar nuestro compromiso de trabajar incansablemente para combatir esta problem\u00e1tica que afecta a nuestra sociedad.<br>&nbsp;<br>El tr\u00e1fico il\u00edcito y el uso indebido de drogas, no solo representan una amenaza para la seguridad y el orden p\u00fablico, sino que tambi\u00e9n afectan la salud, las familias y comunidades y otras veces hasta la propia vida. Nos encontramos frente a una problem\u00e1tica que requiere una respuesta integral, basada en la prevenci\u00f3n, el tratamiento y la rehabilitaci\u00f3n.<br>&nbsp;<br>La prevenci\u00f3n es el pilar fundamental de nuestro trabajo. Debemos dirigir nuestros esfuerzos a educar y sensibilizar a la poblaci\u00f3n sobre los peligros del consumo de drogas. Debemos fortalecer los lazos con nuestro sistema educativo, padres, clubes deportivos, juntas de vecinos y l\u00edderes comunitarios, para promover estilos de vidas saludables y alejar cada d\u00eda m\u00e1s a los j\u00f3venes de las drogas.<br>&nbsp;<br>El tratamiento y la rehabilitaci\u00f3n tambi\u00e9n son fundamentales en nuestra misi\u00f3n. Debemos trabajar garantizando que las personas que sufren de adicciones tengan acceso a los servicios necesarios para su recuperaci\u00f3n, trabajando en la expansi\u00f3n de los centros de tratamiento y la formaci\u00f3n de profesionales capacitados para brindar la ayuda requerida con calidad basada en evidencias.&nbsp;<br>Sin embargo, no podemos olvidar que la lucha contra las drogas va m\u00e1s all\u00e1 de nuestras fronteras. El tr\u00e1fico de drogas es un fen\u00f3meno global que requiere una cooperaci\u00f3n internacional efectiva. Debemos fortalecer nuestros lazos con otros pa\u00edses, intercambiando informaci\u00f3n y mejores pr\u00e1cticas, para enfrentar este desaf\u00edo de manera conjunta.<br>&nbsp;<br>Quiero enfatizar que nuestro compromiso no se limita a la prevenci\u00f3n y el tratamiento, sino que, tambi\u00e9n incluye la reducci\u00f3n de la demanda y la oferta de drogas. Por lo que es importante continuar implementando &nbsp;pol\u00edticas, estrategias y programas que promuevan el desarrollo sostenible, la inclusi\u00f3n social y la creaci\u00f3n de oportunidades para todos los ciudadanos. Una sociedad equitativa y justa es una sociedad menos propensa al consumo de drogas.<br><br>Agradecemos el decidido e irrestricto apoyo del&nbsp;Excelent\u00edsimo&nbsp;Se\u00f1or Presidente de la Rep\u00fablica Lic. LUIS ABINADER CORONA, en las labores que realizamos cada d\u00eda. &nbsp;<br><br>As\u00ed mismo, reconocemos &nbsp;y agradecemos el apoyo que recibimos de los organismos internacionales, y el esfuerzo que en esta ardua tarea, realizan las ONGs y otras instituciones p\u00fablicas y privadas que trabajan en favor de la prevenci\u00f3n del consumo de sustancias psicoactivas y el tratamiento, la rehabilitaci\u00f3n y reinserci\u00f3n social de quienes han sido&nbsp;v\u00edctimas&nbsp;del uso y abuso de estupefacientes.<br><br>Esta tarea exige hacer hincapi\u00e9 en la rehabilitaci\u00f3n, en lugar del castigo y el encarcelamiento por delitos menores relacionados con tr\u00e1fico y consumo de drogas, por lo que reconocemos los esfuerzos y el importante rol que juegan los Tribunales de Tratamiento bajo Supervisi\u00f3n Judicial.<br>&nbsp;<br>Queridos colaboradores, en este d\u00eda especial, los invito a renovar nuestro compromiso con la causa que nos une. Este trabajo es esencial y nuestro impacto puede ser profundo. Cada vida que salvamos, cada persona que ayudamos a recuperarse de una adicci\u00f3n, es un triunfo que nos impulsa a seguir adelante.<br>&nbsp;<br>Conf\u00edo en sus habilidades, en su dedicaci\u00f3n y en su pasi\u00f3n por hacer de esta sociedad un lugar mejor y libre de drogas. Juntos, podemos marcar la diferencia y construir un futuro en el que las generaciones venideras vivan libres de las drogas.<br>&nbsp;<br>Mantengamos la determinaci\u00f3n y enfoqu\u00e9monos en el bienestar de nuestra gente. Juntos, podemos superar cualquier obst\u00e1culo y llevar esperanza a aquellos que m\u00e1s lo necesitan.<br><br>Como instituci\u00f3n de gran prestigio e importancia social, continuemos &nbsp;trabajando para reducir &nbsp;el uso indebido y el tr\u00e1fico il\u00edcito de drogas, centrando nuestro accionar en tres pilares fundamentales: la salud, el respeto a los derechos humanos y la igualdad de g\u00e9nero.<br>&nbsp;<br>\u00a1Sigamos adelante en esta noble misi\u00f3n de prevenci\u00f3n y tratamiento de adicciones! &nbsp;<br><br>Continuemos Sumando Voluntades por el Bienestar de los Ciudadanos.<br><br>Lic. JAIME MARTE MART\u00cdNEZ<br>Mayor General (SP), P.N.<br>Presidente del Consejo Nacional de Drogas de la Rep\u00fablica Dominicana. <\/p>\n\n\n\n<p>Con motivo del 26 de junio  D\u00eda Internacional de la Lucha contra el Uso Indebido y el Tr\u00e1fico Il\u00edcito de Drogas,<\/p>\n\n\n\n<p><br><br>Hoy al conmemorar el D\u00eda Internacional de la Lucha contra el Uso Indebido y el Tr\u00e1fico Il\u00edcito de Drogas, aprovecho la ocasi\u00f3n para invitar a reflexionar y renovar nuestro compromiso de trabajar incansablemente para combatir esta problem\u00e1tica que afecta a nuestra sociedad.<br>&nbsp;<br>El tr\u00e1fico il\u00edcito y el uso indebido de drogas, no solo representan una amenaza para la seguridad y el orden p\u00fablico, sino que tambi\u00e9n afectan la salud, las familias y comunidades y otras veces hasta la propia vida. Nos encontramos frente a una problem\u00e1tica que requiere una respuesta integral, basada en la prevenci\u00f3n, el tratamiento y la rehabilitaci\u00f3n.<br>&nbsp;<br>La prevenci\u00f3n es el pilar fundamental de nuestro trabajo. Debemos dirigir nuestros esfuerzos a educar y sensibilizar a la poblaci\u00f3n sobre los peligros del consumo de drogas. Debemos fortalecer los lazos con nuestro sistema educativo, padres, clubes deportivos, juntas de vecinos y l\u00edderes comunitarios, para promover estilos de vidas saludables y alejar cada d\u00eda m\u00e1s a los j\u00f3venes de las drogas.<br>&nbsp;<br>El tratamiento y la rehabilitaci\u00f3n tambi\u00e9n son fundamentales en nuestra misi\u00f3n. Debemos trabajar garantizando que las personas que sufren de adicciones tengan acceso a los servicios necesarios para su recuperaci\u00f3n, trabajando en la expansi\u00f3n de los centros de tratamiento y la formaci\u00f3n de profesionales capacitados para brindar la ayuda requerida con calidad basada en evidencias.&nbsp;<br>Sin embargo, no podemos olvidar que la lucha contra las drogas va m\u00e1s all\u00e1 de nuestras fronteras. El tr\u00e1fico de drogas es un fen\u00f3meno global que requiere una cooperaci\u00f3n internacional efectiva. Debemos fortalecer nuestros lazos con otros pa\u00edses, intercambiando informaci\u00f3n y mejores pr\u00e1cticas, para enfrentar este desaf\u00edo de manera conjunta.<br>&nbsp;<br>Quiero enfatizar que nuestro compromiso no se limita a la prevenci\u00f3n y el tratamiento, sino que, tambi\u00e9n incluye la reducci\u00f3n de la demanda y la oferta de drogas. Por lo que es importante continuar implementando &nbsp;pol\u00edticas, estrategias y programas que promuevan el desarrollo sostenible, la inclusi\u00f3n social y la creaci\u00f3n de oportunidades para todos los ciudadanos. Una sociedad equitativa y justa es una sociedad menos propensa al consumo de drogas.<br><br>Agradecemos el decidido e irrestricto apoyo del&nbsp;Excelent\u00edsimo&nbsp;Se\u00f1or Presidente de la Rep\u00fablica Lic. LUIS ABINADER CORONA, en las labores que realizamos cada d\u00eda. &nbsp;<br><br>As\u00ed mismo, reconocemos &nbsp;y agradecemos el apoyo que recibimos de los organismos internacionales, y el esfuerzo que en esta ardua tarea, realizan las ONGs y otras instituciones p\u00fablicas y privadas que trabajan en favor de la prevenci\u00f3n del consumo de sustancias psicoactivas y el tratamiento, la rehabilitaci\u00f3n y reinserci\u00f3n social de quienes han sido&nbsp;v\u00edctimas&nbsp;del uso y abuso de estupefacientes.<br><br>Esta tarea exige hacer hincapi\u00e9 en la rehabilitaci\u00f3n, en lugar del castigo y el encarcelamiento por delitos menores relacionados con tr\u00e1fico y consumo de drogas, por lo que reconocemos los esfuerzos y el importante rol que juegan los Tribunales de Tratamiento bajo Supervisi\u00f3n Judicial.<br>&nbsp;<br>Queridos colaboradores, en este d\u00eda especial, los invito a renovar nuestro compromiso con la causa que nos une. Este trabajo es esencial y nuestro impacto puede ser profundo. Cada vida que salvamos, cada persona que ayudamos a recuperarse de una adicci\u00f3n, es un triunfo que nos impulsa a seguir adelante.<br>&nbsp;<br>Conf\u00edo en sus habilidades, en su dedicaci\u00f3n y en su pasi\u00f3n por hacer de esta sociedad un lugar mejor y libre de drogas. Juntos, podemos marcar la diferencia y construir un futuro en el que las generaciones venideras vivan libres de las drogas.<br>&nbsp;<br>Mantengamos la determinaci\u00f3n y enfoqu\u00e9monos en el bienestar de nuestra gente. Juntos, podemos superar cualquier obst\u00e1culo y llevar esperanza a aquellos que m\u00e1s lo necesitan.<br><br>Como instituci\u00f3n de gran prestigio e importancia social, continuemos &nbsp;trabajando para reducir &nbsp;el uso indebido y el tr\u00e1fico il\u00edcito de drogas, centrando nuestro accionar en tres pilares fundamentales: la salud, el respeto a los derechos humanos y la igualdad de g\u00e9nero.<br>&nbsp;<br>\u00a1Sigamos adelante en esta noble misi\u00f3n de prevenci\u00f3n y tratamiento de adicciones! &nbsp;<br><br>Continuemos Sumando Voluntades por el Bienestar de los Ciudadanos.<br><br>Lic. JAIME MARTE MART\u00cdNEZ<br>Mayor General (SP), P.N.<br>Presidente del Consejo Nacional de Drogas de la Rep\u00fablica Dominicana.<\/p>\n\n\n\n<p>Celina Suriel<\/p>\n\n\n\n<p>Directora de Comunicaci\u00f3n del CND<\/p>\n\n\n\n<p>Consejo Nacional de Drogas RD<a target=\"_blank\" href=\"mailto:prensacnd@gmail.com\" rel=\"noreferrer noopener\">prensacnd@gmail.com<\/a><\/p>\n","protected":false},"excerpt":{"rendered":"<p>Licenciado Jaime Marte Mart\u00ednezMayor General (SP), P.N. Hoy al conmemorar el D\u00eda Internacional de la Lucha contra el Uso Indebido y el Tr\u00e1fico Il\u00edcito de Drogas, aprovecho la ocasi\u00f3n para invitar a reflexionar y renovar nuestro compromiso de trabajar incansablemente para combatir esta problem\u00e1tica que afecta a nuestra sociedad.&nbsp;El tr\u00e1fico il\u00edcito y el uso indebido [&hellip;]<\/p>\n","protected":false},"author":28,"featured_media":267285,"comment_status":"closed","ping_status":"","sticky":false,"template":"","format":"standard","meta":{"footnotes":""},"categories":[20,29],"tags":[],"class_list":["post-449947","post","type-post","status-publish","format-standard","has-post-thumbnail","hentry","category-dominicana-hoy","category-policiasucesos"],"_links":{"self":[{"href":"https:\/\/diariodominicano.com\/index.php?rest_route=\/wp\/v2\/posts\/449947","targetHints":{"allow":["GET"]}}],"collection":[{"href":"https:\/\/diariodominicano.com\/index.php?rest_route=\/wp\/v2\/posts"}],"about":[{"href":"https:\/\/diariodominicano.com\/index.php?rest_route=\/wp\/v2\/types\/post"}],"author":[{"embeddable":true,"href":"https:\/\/diariodominicano.com\/index.php?rest_route=\/wp\/v2\/users\/28"}],"replies":[{"embeddable":true,"href":"https:\/\/diariodominicano.com\/index.php?rest_route=%2Fwp%2Fv2%2Fcomments&post=449947"}],"version-history":[{"count":3,"href":"https:\/\/diariodominicano.com\/index.php?rest_route=\/wp\/v2\/posts\/449947\/revisions"}],"predecessor-version":[{"id":449951,"href":"https:\/\/diariodominicano.com\/index.php?rest_route=\/wp\/v2\/posts\/449947\/revisions\/449951"}],"wp:featuredmedia":[{"embeddable":true,"href":"https:\/\/diariodominicano.com\/index.php?rest_route=\/wp\/v2\/media\/267285"}],"wp:attachment":[{"href":"https:\/\/diariodominicano.com\/index.php?rest_route=%2Fwp%2Fv2%2Fmedia&parent=449947"}],"wp:term":[{"taxonomy":"category","embeddable":true,"href":"https:\/\/diariodominicano.com\/index.php?rest_route=%2Fwp%2Fv2%2Fcategories&post=449947"},{"taxonomy":"post_tag","embeddable":true,"href":"https:\/\/diariodominicano.com\/index.php?rest_route=%2Fwp%2Fv2%2Ftags&post=449947"}],"curies":[{"name":"wp","href":"https:\/\/api.w.org\/{rel}","templated":true}]}}