{"id":44981,"date":"2019-03-28T09:47:55","date_gmt":"2019-03-28T09:47:55","guid":{"rendered":"http:\/\/diariodominicano.ddns.net\/?p=44981"},"modified":"2019-03-28T09:47:55","modified_gmt":"2019-03-28T09:47:55","slug":"el-rezago-de-la-agropecuaria","status":"publish","type":"post","link":"https:\/\/diariodominicano.com\/?p=44981","title":{"rendered":"EL REZAGO DE LA AGROPECUARIA"},"content":{"rendered":"<p><body><\/p>\n<p>EL TIRO RAPIDO<\/p>\n<\/p>\n<\/p>\n<p>Como parte integrante de los eventos presentados en la  Feria Agropecuaria Nacional 2019 que tiene lugar en la Ciudad Ganadera y organizado por la Confederaci\u00f3n Nacional de Productores Agropecuarios (CONFENAGRO), ayer tuvo lugar un importante y orientador evento donde se analiz\u00f3 la situaci\u00f3n de la agropecuaria dominicana a luz de la moderna tecnolog\u00eda.<\/p>\n<\/p>\n<\/p>\n<p>La actividad consisti\u00f3 en un panel titulado \u00abLa innovaci\u00f3n como estrategia para la competitividad en el sector agropecuario nacional\u00bb, y en el mismo figuraron como expositores el ex Ministro de Agricultura, Luis Ram\u00f3n Rodr\u00edguez y el ex decano de la facultad de la Universidad Aut\u00f3noma de Santo Domingo, Modesto Reyes.<\/p>\n<\/p>\n<\/p>\n<p>Tanto Rodr\u00edguez como Reyes en sus respectivas exposiciones coincidieron en se\u00f1alar que desde el punto de vista tecnol\u00f3gico, el sector agropecuario nacional se encuentra muy rezagado.  Y tanto uno como otro plantearon como puntos fundamentales la necesidad de impulsar la investigaci\u00f3n agropecuaria e invertir en la formaci\u00f3n de capital humano.  En el primer caso, se hizo resaltar que la inversi\u00f3n es de apenas el 0.3 por cierto del Producto Interno, lo que no permite innovar y por consiguiente alcanzar niveles de competitividad.<\/p>\n<\/p>\n<\/p>\n<p>Este rezago tecnol\u00f3gico es particularmente preocupante en el caso de la Rep\u00fablica Dominicana que enfrenta tanto el reto que origina el progresivo desmonte arancelario de nuestros principales productos agropecuarios en el marco del DR-CAFTA, como el que impone lograr la meta de garantizar la soberan\u00eda y la seguridad alimentaria del pueblo, a tenor de las  sucesivas recomendaciones de la FAO. Esto as\u00ed sobre todo para enfrentar los perjudiciales efectos esperados por raz\u00f3n del cambio clim\u00e1tico sobre el r\u00e9gimen de cosechas a nivel mundial.<\/p>\n<\/p>\n<\/p>\n<p>Desde que el pa\u00eds se enganch\u00f3 a \u00faltima hora en el tren del DR-CAFTA se advirti\u00f3 la necesidad de implementar una efectiva estrategia de modernizaci\u00f3n del sector agropecuario,  promoviendo una agricultura intensiva y desterrando el minifundismo.   Lamentablemente no se adoptaron ni a tiempo ni al nivel requerido las medidas recomendadas. Los conclusiones apuntadas con el ex Ministro Rodr\u00edguez y el ex decano Reyes en el evento que antes citamos han \u00e9nfasis en esta realidad.<\/p>\n<\/p>\n<\/p>\n<p>Ahora bien, vale destacar que las mismas se producen precisamente en momentos en que acaba de regresar al pa\u00eds la delegaci\u00f3n del Consejo Nacional de Competitividad que encabezada por su director ejecutivo Rafael Paz que particip\u00f3 en la Cumbre Mundial de Innovaci\u00f3n Agrotecnol\u00f3gica efectuada en la ciudad de San Francisco, en el estado de California, y analiza los resultados obtenidos en ese importante foro.<\/p>\n<\/p>\n<\/p>\n<p>Ya antes de partir, Paz advirti\u00f3 que el objetivo principal de participar en dicha Cumbre ten\u00eda como finalidad incorporar al sector agropecuario, cuya importancia resalt\u00f3, la aplicaci\u00f3n de las m\u00e1s avanzadas tecnolog\u00eda de uso a escala mundial.<\/p>\n<\/p>\n<\/p>\n<p>Dado el ritmo de trabajo que hasta ahora ha mostrado el Consejo es de esperar que muy en breve, en coordinaci\u00f3n con los Ministerios de Agricultura y Medio Ambiente y el Banco Agr\u00edcola as\u00ed como dem\u00e1s organismos y entidades p\u00fablicas y privadas vinculadas al sector,  se pueda disponer de un plan efectivo para desarrollar al m\u00e1ximo el potencial del vital sector agropecuario en el marco a tenor de las m\u00e1s avanzadas pr\u00e1cticas provistas por la moderna tecnolog\u00eda.<\/p>\n<\/p>\n<\/p>\n<p>Por d\u00e9cadas hemos venido escuchando la frase de que \u00absomos el granero del Caribe\u00bb.  Es hora de que deje de ser un simple slogan para convertirse en una palpable realidad, una vez que nuestra agropecuaria sea capaz de satisfacer nuestras propias y crecientes necesidades alimentarias, tur\u00edsticas, agroindustriales y exportables.<\/p>\n<\/p>\n<\/p>\n<p>De nosotros depende.<\/p>\n<\/p>\n<\/p>\n<h6> 2019-03-28 09:47:55 <\/h6>\n<p><!--\n<link rel=\"stylesheet\" href=\"css\/bootstrap.min.css\">\n\n\n<ul class=\"pagination\">\n\t    \n\t\n\n<li >\n\t<a href='?page_no=773'>Previous<\/a>\n\t<\/li>\n\n\n       \n    \n\n<li><a href='?page_no=1'>1<\/a><\/li>\n\n\n\n<li><a href='?page_no=2'>2<\/a><\/li>\n\n\n\n<li><a>...<\/a><\/li>\n\n\n\n<li><a href='?page_no=772'>772<\/a><\/li>\n\n\n\n<li><a href='?page_no=773'>773<\/a><\/li>\n\n\n\n<li class='active'><a>774<\/a><\/li>\n\n\n\n<li><a href='?page_no=775'>775<\/a><\/li>\n\n\n\n<li><a href='?page_no=776'>776<\/a><\/li>\n\n\n\n<li><a>...<\/a><\/li>\n\n\n\n<li><a href='?page_no=13611'>13611<\/a><\/li>\n\n\n\n<li><a href='?page_no=13612'>13612<\/a><\/li>\n\n    \n\t\n\n<li >\n\t<a href='?page_no=775'>Next<\/a>\n\t<\/li>\n\n\n    \n\n<li><a href='?page_no=13612'>Last &rsaquo;&rsaquo;<\/a><\/li>\n\n<\/ul>\n\n\n--><br \/>\n<\/body><\/p>\n","protected":false},"excerpt":{"rendered":"<p>EL TIRO RAPIDO Como parte integrante de los eventos presentados en la Feria Agropecuaria Nacional 2019 que tiene lugar en la Ciudad Ganadera y organizado por la Confederaci\u00f3n Nacional de Productores Agropecuarios (CONFENAGRO), ayer tuvo lugar un importante y orientador evento donde se analiz\u00f3 la situaci\u00f3n de la agropecuaria dominicana a luz de la moderna [&hellip;]<\/p>\n","protected":false},"author":3,"featured_media":0,"comment_status":"open","ping_status":"open","sticky":false,"template":"","format":"standard","meta":{"footnotes":""},"categories":[16],"tags":[],"class_list":["post-44981","post","type-post","status-publish","format-standard","hentry","category-opiniones"],"_links":{"self":[{"href":"https:\/\/diariodominicano.com\/index.php?rest_route=\/wp\/v2\/posts\/44981","targetHints":{"allow":["GET"]}}],"collection":[{"href":"https:\/\/diariodominicano.com\/index.php?rest_route=\/wp\/v2\/posts"}],"about":[{"href":"https:\/\/diariodominicano.com\/index.php?rest_route=\/wp\/v2\/types\/post"}],"author":[{"embeddable":true,"href":"https:\/\/diariodominicano.com\/index.php?rest_route=\/wp\/v2\/users\/3"}],"replies":[{"embeddable":true,"href":"https:\/\/diariodominicano.com\/index.php?rest_route=%2Fwp%2Fv2%2Fcomments&post=44981"}],"version-history":[{"count":0,"href":"https:\/\/diariodominicano.com\/index.php?rest_route=\/wp\/v2\/posts\/44981\/revisions"}],"wp:attachment":[{"href":"https:\/\/diariodominicano.com\/index.php?rest_route=%2Fwp%2Fv2%2Fmedia&parent=44981"}],"wp:term":[{"taxonomy":"category","embeddable":true,"href":"https:\/\/diariodominicano.com\/index.php?rest_route=%2Fwp%2Fv2%2Fcategories&post=44981"},{"taxonomy":"post_tag","embeddable":true,"href":"https:\/\/diariodominicano.com\/index.php?rest_route=%2Fwp%2Fv2%2Ftags&post=44981"}],"curies":[{"name":"wp","href":"https:\/\/api.w.org\/{rel}","templated":true}]}}