{"id":449647,"date":"2023-06-24T21:42:54","date_gmt":"2023-06-25T01:42:54","guid":{"rendered":"http:\/\/diariodominicano.com\/?p=449647"},"modified":"2023-06-24T21:43:33","modified_gmt":"2023-06-25T01:43:33","slug":"colombia-con-primer-oro-de-judo-y-erika-lasso-toma-revancha","status":"publish","type":"post","link":"https:\/\/diariodominicano.com\/?p=449647","title":{"rendered":"Colombia con primer oro de judo y Erika Lasso toma revancha"},"content":{"rendered":"\n<ul class=\"wp-block-list\"><li>junio 24, 2023<\/li><li>CDT20:53 (GMT) -0400<\/li><\/ul>\n\n\n\n<ul class=\"wp-block-list\"><li>Fotos: Diony Sanabia, Prensa Latina<\/li><\/ul>\n\n\n\n<p>San Salvador, 24 jun (Prensa Latina) El primer oro del judo de los XXIV Juegos Centroamericanos y del Caribe en esta capital perteneci\u00f3 hoy a la colombiana Erika Lasso, un triunfo por el cual esper\u00f3 cinco a\u00f1os.&nbsp;&nbsp;&nbsp;&nbsp;<\/p>\n\n\n\n<p>La campeona de la divisi\u00f3n de los 48 kilogramos en San Salvador 2023 perdi\u00f3 la final de Barranquilla-2018, por lo cual ahora experiment\u00f3 \u201csensaciones muy incre\u00edbles\u201d gracias a este \u00e9xito, manifest\u00f3 a Prensa Latina, a\u00fan con el sudor en la frente y una gran alegr\u00eda.<\/p>\n\n\n\n<p>Fue un proceso demasiado largo, hemos tenido momentos altos y bajos, pero bueno aqu\u00ed estamos firmes y con la revancha en estos Juegos, subray\u00f3 la joven, quien tuvo palabras a favor de su mam\u00e1, colegas y entrenadores.<\/p>\n\n\n\n<p>Cont\u00f3 que para llegar a la capital del llamado Pulgarcito de Am\u00e9rica se prepar\u00f3 tres meses en Hungr\u00eda, y dentro de ocho d\u00edas ir\u00e1 a competir a un torneo abierto en la ciudad ecuatoriana de Guayaquil.<\/p>\n\n\n\n<p>Estoy muy contenta por darle este oro a Colombia, subray\u00f3 Lasso, victimaria en la final de la mexicana Edna Carrillo, mientras que las preseas de bronce correspondieron a Mar\u00eda Gimenez y Zamarit Gregorio, de Venezuela y Cuba, respectivamente.<\/p>\n\n\n\n<p>Para ascender a la parte m\u00e1s alta del podio de premiaciones, la monarca tambi\u00e9n super\u00f3 a la dominicana Stefania Soriano, titular de hace cinco a\u00f1os, y Jacqueline Solis, de Guatemala y en concurso como todos los atletas de esa naci\u00f3n bajo la bandera de Centro Caribe Sports.<\/p>\n\n\n\n<p>jcm\/dsa<\/p>\n","protected":false},"excerpt":{"rendered":"<p>junio 24, 2023 CDT20:53 (GMT) -0400 Fotos: Diony Sanabia, Prensa Latina San Salvador, 24 jun (Prensa Latina) El primer oro del judo de los XXIV Juegos Centroamericanos y del Caribe en esta capital perteneci\u00f3 hoy a la colombiana Erika Lasso, un triunfo por el cual esper\u00f3 cinco a\u00f1os.&nbsp;&nbsp;&nbsp;&nbsp; La campeona de la divisi\u00f3n de los [&hellip;]<\/p>\n","protected":false},"author":28,"featured_media":449648,"comment_status":"closed","ping_status":"","sticky":true,"template":"","format":"standard","meta":{"footnotes":""},"categories":[17,29,27],"tags":[],"class_list":["post-449647","post","type-post","status-publish","format-standard","has-post-thumbnail","hentry","category-deportes","category-policiasucesos","category-portada"],"_links":{"self":[{"href":"https:\/\/diariodominicano.com\/index.php?rest_route=\/wp\/v2\/posts\/449647","targetHints":{"allow":["GET"]}}],"collection":[{"href":"https:\/\/diariodominicano.com\/index.php?rest_route=\/wp\/v2\/posts"}],"about":[{"href":"https:\/\/diariodominicano.com\/index.php?rest_route=\/wp\/v2\/types\/post"}],"author":[{"embeddable":true,"href":"https:\/\/diariodominicano.com\/index.php?rest_route=\/wp\/v2\/users\/28"}],"replies":[{"embeddable":true,"href":"https:\/\/diariodominicano.com\/index.php?rest_route=%2Fwp%2Fv2%2Fcomments&post=449647"}],"version-history":[{"count":1,"href":"https:\/\/diariodominicano.com\/index.php?rest_route=\/wp\/v2\/posts\/449647\/revisions"}],"predecessor-version":[{"id":449649,"href":"https:\/\/diariodominicano.com\/index.php?rest_route=\/wp\/v2\/posts\/449647\/revisions\/449649"}],"wp:featuredmedia":[{"embeddable":true,"href":"https:\/\/diariodominicano.com\/index.php?rest_route=\/wp\/v2\/media\/449648"}],"wp:attachment":[{"href":"https:\/\/diariodominicano.com\/index.php?rest_route=%2Fwp%2Fv2%2Fmedia&parent=449647"}],"wp:term":[{"taxonomy":"category","embeddable":true,"href":"https:\/\/diariodominicano.com\/index.php?rest_route=%2Fwp%2Fv2%2Fcategories&post=449647"},{"taxonomy":"post_tag","embeddable":true,"href":"https:\/\/diariodominicano.com\/index.php?rest_route=%2Fwp%2Fv2%2Ftags&post=449647"}],"curies":[{"name":"wp","href":"https:\/\/api.w.org\/{rel}","templated":true}]}}