{"id":449558,"date":"2023-06-23T23:03:59","date_gmt":"2023-06-24T03:03:59","guid":{"rendered":"http:\/\/diariodominicano.com\/?p=449558"},"modified":"2023-06-23T23:04:29","modified_gmt":"2023-06-24T03:04:29","slug":"fundacion-mapfre-lanza-la-2a-edicion-del-premio-de-fotografia-kbr-photo-award","status":"publish","type":"post","link":"https:\/\/diariodominicano.com\/?p=449558","title":{"rendered":"Fundaci\u00f3n MAPFRE lanza la 2\u00aa edici\u00f3n del premio de fotograf\u00eda KBr Photo Award"},"content":{"rendered":"\n<ul class=\"wp-block-list\"><li><strong>Con este galard\u00f3n la Fundaci\u00f3n quiere reafirmar su apoyo a la creaci\u00f3n art\u00edstica dando a conocer al fot\u00f3grafo ganador en la escena nacional e internacional<\/strong><\/li><\/ul>\n\n\n\n<ul class=\"wp-block-list\"><li><strong>El premio tiene una dotaci\u00f3n econ\u00f3mica de 25.000 euros<\/strong><\/li><li><strong>El plazo para presentar las candidaturas finaliza el 1 de septiembre<\/strong><\/li><\/ul>\n\n\n\n<p>Fundaci\u00f3n MAPFRE ha puesto en marcha la 2\u00aa edici\u00f3n del KBr Photo Award, un premio internacional con una periodicidad bienal abierto a fot\u00f3grafos que tengan prevista la realizaci\u00f3n de un proyecto nuevo o la finalizaci\u00f3n de uno ya iniciado, in\u00e9dito en ambos casos, que no haya sido presentado a ninguna otra convocatoria similar.<\/p>\n\n\n\n<p>La dotaci\u00f3n del premio es de 25.000 euros. Adem\u00e1s de dicha cantidad, Fundaci\u00f3n MAPFRE producir\u00e1 y organizar\u00e1 una exposici\u00f3n en sus dos sedes (Barcelona y Madrid), que mostrar\u00e1 el resultado del proyecto galardonado. Junto con la exposici\u00f3n, Fundaci\u00f3n MAPFRE editar\u00e1 un cat\u00e1logo.<\/p>\n\n\n\n<p>El jurado del premio est\u00e1 compuesto por cuatro miembros destacados del mundo del arte:&nbsp;<strong>Michael Mack<\/strong>, editor (Londres);&nbsp;<strong>Alona Pardo<\/strong>, comisaria de la Barbican Art Gallery (Londres);&nbsp;<strong>Valent\u00edn Roma<\/strong>, director de La Virreina Centre de la Imatge (Barcelona); y&nbsp;<strong>Elisabeth Sherman<\/strong>, comisaria jefa y directora de exposiciones y colecciones del Centro Internacional de Fotograf\u00eda -ICP- (Nueva York). Adem\u00e1s de&nbsp;<strong>Carlos Gollonet<\/strong>, conservador jefe de fotograf\u00eda de Fundaci\u00f3n MAPFRE.<\/p>\n\n\n\n<p>Las candidaturas pueden presentarse hasta el 1 de septiembre en&nbsp;<a href=\"http:\/\/kbr.fundacionmapfre.org\/\" target=\"_blank\" rel=\"noreferrer noopener\">kbr.fundacionmapfre.org<\/a><\/p>\n\n\n\n<p><strong>Dahiana de los Santos<\/strong><\/p>\n\n\n\n<p>Coordinadora Comunicaciones y Relaciones P\u00fablicas<\/p>\n","protected":false},"excerpt":{"rendered":"<p>Con este galard\u00f3n la Fundaci\u00f3n quiere reafirmar su apoyo a la creaci\u00f3n art\u00edstica dando a conocer al fot\u00f3grafo ganador en la escena nacional e internacional El premio tiene una dotaci\u00f3n econ\u00f3mica de 25.000 euros El plazo para presentar las candidaturas finaliza el 1 de septiembre Fundaci\u00f3n MAPFRE ha puesto en marcha la 2\u00aa edici\u00f3n del [&hellip;]<\/p>\n","protected":false},"author":28,"featured_media":449559,"comment_status":"closed","ping_status":"","sticky":true,"template":"","format":"standard","meta":{"footnotes":""},"categories":[36,25,27],"tags":[],"class_list":["post-449558","post","type-post","status-publish","format-standard","has-post-thumbnail","hentry","category-hombresmujeresycosas","category-gente","category-portada"],"_links":{"self":[{"href":"https:\/\/diariodominicano.com\/index.php?rest_route=\/wp\/v2\/posts\/449558","targetHints":{"allow":["GET"]}}],"collection":[{"href":"https:\/\/diariodominicano.com\/index.php?rest_route=\/wp\/v2\/posts"}],"about":[{"href":"https:\/\/diariodominicano.com\/index.php?rest_route=\/wp\/v2\/types\/post"}],"author":[{"embeddable":true,"href":"https:\/\/diariodominicano.com\/index.php?rest_route=\/wp\/v2\/users\/28"}],"replies":[{"embeddable":true,"href":"https:\/\/diariodominicano.com\/index.php?rest_route=%2Fwp%2Fv2%2Fcomments&post=449558"}],"version-history":[{"count":2,"href":"https:\/\/diariodominicano.com\/index.php?rest_route=\/wp\/v2\/posts\/449558\/revisions"}],"predecessor-version":[{"id":449561,"href":"https:\/\/diariodominicano.com\/index.php?rest_route=\/wp\/v2\/posts\/449558\/revisions\/449561"}],"wp:featuredmedia":[{"embeddable":true,"href":"https:\/\/diariodominicano.com\/index.php?rest_route=\/wp\/v2\/media\/449559"}],"wp:attachment":[{"href":"https:\/\/diariodominicano.com\/index.php?rest_route=%2Fwp%2Fv2%2Fmedia&parent=449558"}],"wp:term":[{"taxonomy":"category","embeddable":true,"href":"https:\/\/diariodominicano.com\/index.php?rest_route=%2Fwp%2Fv2%2Fcategories&post=449558"},{"taxonomy":"post_tag","embeddable":true,"href":"https:\/\/diariodominicano.com\/index.php?rest_route=%2Fwp%2Fv2%2Ftags&post=449558"}],"curies":[{"name":"wp","href":"https:\/\/api.w.org\/{rel}","templated":true}]}}