{"id":449517,"date":"2023-06-23T21:39:50","date_gmt":"2023-06-24T01:39:50","guid":{"rendered":"http:\/\/diariodominicano.com\/?p=449517"},"modified":"2023-06-23T21:43:49","modified_gmt":"2023-06-24T01:43:49","slug":"juzgado-de-atencion-permanente-de-las-matas-de-farfan-impone-tres-meses-de-prision-preventiva-a-un-hombre-que-intento-envenenar-y-agredio-con-arma-blanca-a-su-expareja","status":"publish","type":"post","link":"https:\/\/diariodominicano.com\/?p=449517","title":{"rendered":"Juzgado de Atenci\u00f3n Permanente de las Matas de Farf\u00e1n impone tres meses de prisi\u00f3n preventiva a un hombre que intent\u00f3 envenenar y agredi\u00f3 con arma blanca a su expareja"},"content":{"rendered":"\n<p>LAS MATAS DE FARF\u00c1N, Rep\u00fablica Dominicana.- La Fiscal\u00eda de Las Matas de Farf\u00e1n logr\u00f3 la imposici\u00f3n de tres meses de prisi\u00f3n preventiva, como medida de coerci\u00f3n, en contra de un hombre implicado en tentativa de homicidio en perjuicio de una expareja, en un hecho ocurrido en la calle principal de Pinar Grande, en el municipio El Cercado.&nbsp;&nbsp;<\/p>\n\n\n\n<p>La jueza interina del Juzgado de Atenci\u00f3n Permanente de esta jurisdicci\u00f3n, Nelly Arnaud de los Santos, dispuso que Miguel De Oleo Ogando cumpla la medida de coerci\u00f3n en el Centro de Correcci\u00f3n y Rehabilitaci\u00f3n (CCR) de El\u00edas Pi\u00f1a, por las agresiones cometidas en contra de su expareja.<\/p>\n\n\n\n<p>Los hechos se produjeron el 14 de junio del presente a\u00f1o, a las 9:00 de la ma\u00f1ana, aproximadamente, cuando el imputado Miguel De Oleo Ogando, con un machete en mano, se present\u00f3 a la casa donde trabaja como dom\u00e9stica la v\u00edctima Ruth Esther Do\u00f1\u00e9, con intenci\u00f3n de herirla, siendo impedido por varias personas que se encontraban cerca del lugar en ese momento.&nbsp;&nbsp;<\/p>\n\n\n\n<p>Luego, el imputado tom\u00f3 un cuchillo, provocando herida en el abdomen a la v\u00edctima, y procedi\u00f3 a sacar de su bolsillo un veneno en polvo que le lanz\u00f3 en la cara y luego el procesado ingiri\u00f3 el restante de la sustancia. De inmediato fueron trasladados al hospital m\u00e1s cercano para recibir asistencia.<\/p>\n\n\n\n<p>La v\u00edctima, quien recibi\u00f3 amenazas por parte de los familiares del imputado, luego le fue dada el alta m\u00e9dica y se procedi\u00f3 a alojarla en una casa de acogida para garantizar su integridad y seguridad.&nbsp;&nbsp;<\/p>\n\n\n\n<p>El Ministerio P\u00fablico, representado por la procuradora fiscal Denia Rodr\u00edguez, se\u00f1al\u00f3 que las acciones del agresor constituyen una falta a los art\u00edculos 309-1, 309-2, 2, 295, 304 del C\u00f3digo Penal Dominicano, modificado por la Ley 24-97 sobre Violencia Intrafamiliar de G\u00e9nero.&nbsp;<\/p>\n\n\n\n<p><strong>Direcci\u00f3n General de Comunicaci\u00f3n, Prensa, y RRPP<\/strong><\/p>\n\n\n\n<p>Ministerio P\u00fablico.&nbsp;R.D.<\/p>\n\n\n\n<p>Viernes, 23 de junio de 2023.<\/p>\n","protected":false},"excerpt":{"rendered":"<p>LAS MATAS DE FARF\u00c1N, Rep\u00fablica Dominicana.- La Fiscal\u00eda de Las Matas de Farf\u00e1n logr\u00f3 la imposici\u00f3n de tres meses de prisi\u00f3n preventiva, como medida de coerci\u00f3n, en contra de un hombre implicado en tentativa de homicidio en perjuicio de una expareja, en un hecho ocurrido en la calle principal de Pinar Grande, en el municipio [&hellip;]<\/p>\n","protected":false},"author":28,"featured_media":404787,"comment_status":"closed","ping_status":"","sticky":true,"template":"","format":"standard","meta":{"footnotes":""},"categories":[24,29,27],"tags":[],"class_list":["post-449517","post","type-post","status-publish","format-standard","has-post-thumbnail","hentry","category-justicia-y-derecho","category-policiasucesos","category-portada"],"_links":{"self":[{"href":"https:\/\/diariodominicano.com\/index.php?rest_route=\/wp\/v2\/posts\/449517","targetHints":{"allow":["GET"]}}],"collection":[{"href":"https:\/\/diariodominicano.com\/index.php?rest_route=\/wp\/v2\/posts"}],"about":[{"href":"https:\/\/diariodominicano.com\/index.php?rest_route=\/wp\/v2\/types\/post"}],"author":[{"embeddable":true,"href":"https:\/\/diariodominicano.com\/index.php?rest_route=\/wp\/v2\/users\/28"}],"replies":[{"embeddable":true,"href":"https:\/\/diariodominicano.com\/index.php?rest_route=%2Fwp%2Fv2%2Fcomments&post=449517"}],"version-history":[{"count":2,"href":"https:\/\/diariodominicano.com\/index.php?rest_route=\/wp\/v2\/posts\/449517\/revisions"}],"predecessor-version":[{"id":449519,"href":"https:\/\/diariodominicano.com\/index.php?rest_route=\/wp\/v2\/posts\/449517\/revisions\/449519"}],"wp:featuredmedia":[{"embeddable":true,"href":"https:\/\/diariodominicano.com\/index.php?rest_route=\/wp\/v2\/media\/404787"}],"wp:attachment":[{"href":"https:\/\/diariodominicano.com\/index.php?rest_route=%2Fwp%2Fv2%2Fmedia&parent=449517"}],"wp:term":[{"taxonomy":"category","embeddable":true,"href":"https:\/\/diariodominicano.com\/index.php?rest_route=%2Fwp%2Fv2%2Fcategories&post=449517"},{"taxonomy":"post_tag","embeddable":true,"href":"https:\/\/diariodominicano.com\/index.php?rest_route=%2Fwp%2Fv2%2Ftags&post=449517"}],"curies":[{"name":"wp","href":"https:\/\/api.w.org\/{rel}","templated":true}]}}