{"id":449513,"date":"2023-06-23T21:35:18","date_gmt":"2023-06-24T01:35:18","guid":{"rendered":"http:\/\/diariodominicano.com\/?p=449513"},"modified":"2023-06-23T21:35:18","modified_gmt":"2023-06-24T01:35:18","slug":"un-ano-de-prision-preventiva-para-dos-implicados-en-agresion-contra-estudiante-en-san-pedro-de-macoris","status":"publish","type":"post","link":"https:\/\/diariodominicano.com\/?p=449513","title":{"rendered":"Un a\u00f1o de prisi\u00f3n preventiva para dos implicados en agresi\u00f3n contra estudiante en San Pedro de Macor\u00eds"},"content":{"rendered":"\n<p>SAN PEDRO DE MACOR\u00cdS, Rep\u00fablica Dominicana.-El Ministerio P\u00fablico obtuvo un a\u00f1o de prisi\u00f3n preventiva en contra de Juan Manuel Cedano (Manguito) y V\u00edctor Manuel Ortiz (Vitico), implicados en la agresi\u00f3n contra un estudiante al que le cercenaron la mano izquierda frente a un centro educativo de esta ciudad.\u00a0<\/p>\n\n\n\n<p>La jueza Darlis Altagracia Eusebio V\u00e1squez, de la Oficina Judicial de Servicios de Atenci\u00f3n Permanente de San Pedro de Macor\u00eds, le impuso el cumplimiento de la medida de coerci\u00f3n en el Centro de Correcci\u00f3n y Rehabilitaci\u00f3n (CCR) de esta provincia.&nbsp;<\/p>\n\n\n\n<p>Cedano y Ortiz agredieron al estudiante con un arma blanca en momentos en que sal\u00eda del centro donde estudia. Tras cometer el hecho, los imputados huyeron del lugar, siendo posteriormente arrestados y sometidos a la justica.&nbsp;<\/p>\n\n\n\n<p>Luego del hecho el joven agredido fue ingresado en un centro de salud donde lo intervinieron quir\u00fargicamente para reimplantarle la mano.&nbsp;<\/p>\n\n\n\n<p>El caso recibi\u00f3 la calificaci\u00f3n jur\u00eddica de violaci\u00f3n a los art\u00edculos 2, 295, 296, 265, 266 del C\u00f3digo Penal Dominicano y los art\u00edculos 83 y 86 de la Ley 631-16 para el Control y Regulaci\u00f3n de Armas, Municiones y Materiales Relacionados.&nbsp;<\/p>\n\n\n\n<p>En un documento de prensa el Ministerio P\u00fablico destaca que contin\u00faa profundizando la investigaci\u00f3n del caso.&nbsp;<\/p>\n\n\n\n<p><strong>Direcci\u00f3n General de Comunicaci\u00f3n, Prensa, y RRPP<\/strong><\/p>\n\n\n\n<p>Ministerio P\u00fablico.&nbsp;R.D.<\/p>\n\n\n\n<p>Viernes, 23 de junio de 2023.<\/p>\n","protected":false},"excerpt":{"rendered":"<p>SAN PEDRO DE MACOR\u00cdS, Rep\u00fablica Dominicana.-El Ministerio P\u00fablico obtuvo un a\u00f1o de prisi\u00f3n preventiva en contra de Juan Manuel Cedano (Manguito) y V\u00edctor Manuel Ortiz (Vitico), implicados en la agresi\u00f3n contra un estudiante al que le cercenaron la mano izquierda frente a un centro educativo de esta ciudad.\u00a0 La jueza Darlis Altagracia Eusebio V\u00e1squez, de [&hellip;]<\/p>\n","protected":false},"author":28,"featured_media":295291,"comment_status":"closed","ping_status":"","sticky":true,"template":"","format":"standard","meta":{"footnotes":""},"categories":[24,29,27],"tags":[],"class_list":["post-449513","post","type-post","status-publish","format-standard","has-post-thumbnail","hentry","category-justicia-y-derecho","category-policiasucesos","category-portada"],"_links":{"self":[{"href":"https:\/\/diariodominicano.com\/index.php?rest_route=\/wp\/v2\/posts\/449513","targetHints":{"allow":["GET"]}}],"collection":[{"href":"https:\/\/diariodominicano.com\/index.php?rest_route=\/wp\/v2\/posts"}],"about":[{"href":"https:\/\/diariodominicano.com\/index.php?rest_route=\/wp\/v2\/types\/post"}],"author":[{"embeddable":true,"href":"https:\/\/diariodominicano.com\/index.php?rest_route=\/wp\/v2\/users\/28"}],"replies":[{"embeddable":true,"href":"https:\/\/diariodominicano.com\/index.php?rest_route=%2Fwp%2Fv2%2Fcomments&post=449513"}],"version-history":[{"count":1,"href":"https:\/\/diariodominicano.com\/index.php?rest_route=\/wp\/v2\/posts\/449513\/revisions"}],"predecessor-version":[{"id":449516,"href":"https:\/\/diariodominicano.com\/index.php?rest_route=\/wp\/v2\/posts\/449513\/revisions\/449516"}],"wp:featuredmedia":[{"embeddable":true,"href":"https:\/\/diariodominicano.com\/index.php?rest_route=\/wp\/v2\/media\/295291"}],"wp:attachment":[{"href":"https:\/\/diariodominicano.com\/index.php?rest_route=%2Fwp%2Fv2%2Fmedia&parent=449513"}],"wp:term":[{"taxonomy":"category","embeddable":true,"href":"https:\/\/diariodominicano.com\/index.php?rest_route=%2Fwp%2Fv2%2Fcategories&post=449513"},{"taxonomy":"post_tag","embeddable":true,"href":"https:\/\/diariodominicano.com\/index.php?rest_route=%2Fwp%2Fv2%2Ftags&post=449513"}],"curies":[{"name":"wp","href":"https:\/\/api.w.org\/{rel}","templated":true}]}}