{"id":44937,"date":"2019-03-31T23:21:12","date_gmt":"2019-03-31T23:21:12","guid":{"rendered":"http:\/\/diariodominicano.ddns.net\/?p=44937"},"modified":"2019-03-31T23:21:12","modified_gmt":"2019-03-31T23:21:12","slug":"a-pleno-solla-paz-social","status":"publish","type":"post","link":"https:\/\/diariodominicano.com\/?p=44937","title":{"rendered":"&#13;A Pleno Sol&#13;&#13;La paz social"},"content":{"rendered":"<p><body><\/p>\n<p><strong>Por Manuel Hern\u00e1ndez Villeta<\/strong><\/p>\n<\/p>\n<\/p>\n<p>La paz social  necesita sacrificio, de unos, y entrega de otros. No hay en la vida colectiva una situaci\u00f3n cautiva o permanente. No, por el contrario el \u00e1rbol de la paz social tiene que ser alimentado a diario. La violencia social no tiene amigos ni enemigos. Solo hay coyunturas que se imponen en el devenir hist\u00f3rico.<\/p>\n<\/p>\n<p>La culata del fusil puede acallar la protesta social, pero no da la paz general, sino que implementa el silencio del cementerio. La d\u00e1diva, el clientelismo, degeneran la vida p\u00fablica y da un bofet\u00f3n en el rostro de los que no tienen nada.<\/p>\n<\/p>\n<p>Ahora es momento de ver la paz social como un imperativo de este tiempo. El reflujo pol\u00edtico acalla la lucha social, que en el caso dominicana termina siendo la voz de la subsistencia. Pero cada minuto se avanza o se retrocede. La lucha social nunca puede estar congelada.<\/p>\n<\/p>\n<p>El limbo de las ideolog\u00edas lleva a un mundo sin compromisos sociales y a la imposici\u00f3n de los que tienen el poder econ\u00f3mico y social. Dif\u00edcil hoy que haya la sociedad de una clase, o que el proletario sea el eje central de la vida p\u00fablica.  El obrero hoy lo m\u00e1s que puede hacer es buscar la comida diaria.<\/p>\n<\/p>\n<p>La impronta que impone el cu\u00f1o empresarial, es que  no hay compromisos sociales, y por el contrario se juega a aplastar a la disidencia. Es una forma sutil de que no cambie nada y que todo siga igual. Parece que no leyeron a El Gatopardo, o vieron la pel\u00edcula, donde todo ten\u00eda que cambiar, para que todo siguiera igual. Un segmento empresarial dominicano luce torpe, sin visi\u00f3n, y con sus acciones deteniendo la marcha combinada de todos los segmentos sociales dominicanos.<\/p>\n<\/p>\n<p>Hay que lograr que en la Rep\u00fablica Dominicana haya una sociedad m\u00e1s participativa, con menos miseria  y menos ostentaci\u00f3n de riquezas. Hay que detener a tiempo el avance indetenible de la marginalidad, y darle a la riqueza una sonrisa m\u00e1s humana.<\/p>\n<\/p>\n<p>El empresariado tiene que fijar salarios justos para sus trabajadores, mantener  las conquistas laborales, abrir puertas al primer empleo, a la seguridad m\u00e9dica, a la facilidad de la ense\u00f1anza. Son obligaciones b\u00e1sicas del Estado, pero en el mundo globalizado de hoy, no se puede dar un paso sin integrar a todos los sectores.<\/p>\n<\/p>\n<p>La paz social tiene un precio, es el sacrificio y la entrega. Que se sacrifique los que tienen, y se integren en la lucha los de a pie. Si no se dan paso a la integraci\u00f3n social, buscando el equilibrio y el avance sostenido, tarde o temprano se romper\u00e1 la paz social. \u00a1Ay!, se me acab\u00f3 la tinta.<\/p>\n<\/p>\n<h6> 2019-03-31 23:21:12 <\/h6>\n<p><!--\n<link rel=\"stylesheet\" href=\"css\/bootstrap.min.css\">\n\n\n<ul class=\"pagination\">\n\t    \n\t\n\n<li >\n\t<a href='?page_no=769'>Previous<\/a>\n\t<\/li>\n\n\n       \n    \n\n<li><a href='?page_no=1'>1<\/a><\/li>\n\n\n\n<li><a href='?page_no=2'>2<\/a><\/li>\n\n\n\n<li><a>...<\/a><\/li>\n\n\n\n<li><a href='?page_no=768'>768<\/a><\/li>\n\n\n\n<li><a href='?page_no=769'>769<\/a><\/li>\n\n\n\n<li class='active'><a>770<\/a><\/li>\n\n\n\n<li><a href='?page_no=771'>771<\/a><\/li>\n\n\n\n<li><a href='?page_no=772'>772<\/a><\/li>\n\n\n\n<li><a>...<\/a><\/li>\n\n\n\n<li><a href='?page_no=13611'>13611<\/a><\/li>\n\n\n\n<li><a href='?page_no=13612'>13612<\/a><\/li>\n\n    \n\t\n\n<li >\n\t<a href='?page_no=771'>Next<\/a>\n\t<\/li>\n\n\n    \n\n<li><a href='?page_no=13612'>Last &rsaquo;&rsaquo;<\/a><\/li>\n\n<\/ul>\n\n\n--><br \/>\n<\/body><\/p>\n","protected":false},"excerpt":{"rendered":"<p>Por Manuel Hern\u00e1ndez Villeta La paz social necesita sacrificio, de unos, y entrega de otros. No hay en la vida colectiva una situaci\u00f3n cautiva o permanente. No, por el contrario el \u00e1rbol de la paz social tiene que ser alimentado a diario. La violencia social no tiene amigos ni enemigos. Solo hay coyunturas que se [&hellip;]<\/p>\n","protected":false},"author":3,"featured_media":0,"comment_status":"open","ping_status":"open","sticky":false,"template":"","format":"standard","meta":{"footnotes":""},"categories":[16],"tags":[],"class_list":["post-44937","post","type-post","status-publish","format-standard","hentry","category-opiniones"],"_links":{"self":[{"href":"https:\/\/diariodominicano.com\/index.php?rest_route=\/wp\/v2\/posts\/44937","targetHints":{"allow":["GET"]}}],"collection":[{"href":"https:\/\/diariodominicano.com\/index.php?rest_route=\/wp\/v2\/posts"}],"about":[{"href":"https:\/\/diariodominicano.com\/index.php?rest_route=\/wp\/v2\/types\/post"}],"author":[{"embeddable":true,"href":"https:\/\/diariodominicano.com\/index.php?rest_route=\/wp\/v2\/users\/3"}],"replies":[{"embeddable":true,"href":"https:\/\/diariodominicano.com\/index.php?rest_route=%2Fwp%2Fv2%2Fcomments&post=44937"}],"version-history":[{"count":0,"href":"https:\/\/diariodominicano.com\/index.php?rest_route=\/wp\/v2\/posts\/44937\/revisions"}],"wp:attachment":[{"href":"https:\/\/diariodominicano.com\/index.php?rest_route=%2Fwp%2Fv2%2Fmedia&parent=44937"}],"wp:term":[{"taxonomy":"category","embeddable":true,"href":"https:\/\/diariodominicano.com\/index.php?rest_route=%2Fwp%2Fv2%2Fcategories&post=44937"},{"taxonomy":"post_tag","embeddable":true,"href":"https:\/\/diariodominicano.com\/index.php?rest_route=%2Fwp%2Fv2%2Ftags&post=44937"}],"curies":[{"name":"wp","href":"https:\/\/api.w.org\/{rel}","templated":true}]}}