{"id":44936,"date":"2020-09-14T11:06:58","date_gmt":"2020-09-14T11:06:58","guid":{"rendered":"http:\/\/diariodominicano.ddns.net\/?p=44936"},"modified":"2020-09-14T11:06:58","modified_gmt":"2020-09-14T11:06:58","slug":"atendernos-y-entendernos","status":"publish","type":"post","link":"https:\/\/diariodominicano.com\/?p=44936","title":{"rendered":"&#13;ATENDERNOS Y ENTENDERNOS&#13;"},"content":{"rendered":"<p><body><\/p>\n<p>ALGO M\u00c1S QUE PALABRAS<\/p>\n<\/p>\n<p>ATENDERNOS Y ENTENDERNOS<\/p>\n<\/p>\n<p>\u00abLo substancial es centrarse en el ser humano\u00bb <\/p>\n<\/p>\n<p>=============================<\/p>\n<p>V\u00edctor CORCOBA HERRERO\/ Escritor<\/p>\n<p>corcoba@telefonica.net\t<\/p>\n<p>============================= <\/p>\n<\/p>\n<p> \tHoy m\u00e1s que nunca, hemos de atender no s\u00f3lo a lo que cada cual dice, sino tambi\u00e9n a lo que siente y entiende, y al motivo porque lo asiente. Sin duda, son muchos los desaf\u00edos sociales, pol\u00edticos y legales a nivel mundial a los que hemos de hacer frente, ya no s\u00f3lo por la crisis sin precedentes causada por la pandemia, tambi\u00e9n por el evidente cambio clim\u00e1tico que no s\u00f3lo altera el equilibrio de la naturaleza, sino que adem\u00e1s causa pobreza y hambre, entre los m\u00e1s vulnerables. De ah\u00ed, lo trascedente que es activar el estado de derecho, protegiendo y respetando siempre las reglas universales y los principios b\u00e1sicos de legalidad, as\u00ed como el cabal acceso a la justicia, para que las sociedades se vuelvan m\u00e1s equitativas y menos crueles consigo mismo. Por eso,  de igual modo, ha de ser prioritario tomar conciencia; porque, indudablemente, en los fuertes trances como el actual, el coraz\u00f3n se rompe o se curte. Quiz\u00e1s tengamos que morir varias veces para poder renacer; y, aunque esto puede darnos miedo, ha de servirnos para cancelar una \u00e9poca e inaugurar otra. <\/p>\n<\/p>\n<p>\tPor consiguiente, ser\u00eda cruel que perdi\u00e9ramos el entusiasmo y nad\u00e1ramos en la autocomplacencia; obviando ese esp\u00edritu imaginativo que siempre nos pone en movimiento. De las cenizas tambi\u00e9n se resucita. S\u00f3lo hay que desear hacerlo y activar la creatividad. La mejor respuesta es aquella que nos reconoce en su globalidad, con la virtud de atendernos y de entendernos, que responde en su justa medida a las amenazas, protegiendo lo innato y la concordia entre moradores. Lo substancial es centrarse en el ser humano. El dinero no lo puede resolver todo. Necesitamos otros cuidados m\u00e1s efectivos, y son los afectivos, aquellos que nos humanizan y nos hacen ver que equivocarse es lo propio y que absolverse mutuamente es adem\u00e1s bals\u00e1mico. Calmar los \u00e1nimos siempre ayuda a armonizarnos. No podemos continuar con esta crispaci\u00f3n permanente. Ya tenemos constancia de que nuestra salud no puede prescindir de la del entorno por el que marcha, pues hag\u00e1moslo f\u00e1cil entre nosotros. Pongamos voluntad en ello. Tal vez sea nuestro gran reto, luchar contra la falsedad y el discurso del odio. Nuestras pr\u00f3ximas generaciones nos lo agradecer\u00e1n. Pensemos en ellas, que son nuestra continuidad. Facilit\u00e9mosles el itinerario. <\/p>\n<\/p>\n<p>\tSeguramente, todos debamos rendir cuentas y promover otras gobernanzas m\u00e1s \u00e9ticas, m\u00e1s de servicio y menos de pedestal, pues lo significativo es crear a todos los niveles instituciones eficaces que garanticen la adopci\u00f3n de decisiones inclusivas, participativas y representativas, que respondan a las necesidades y garanticen el acceso p\u00fablico a la informaci\u00f3n, protegiendo las libertades fundamentales, de conformidad con las leyes nacionales y los acuerdos internacionales. Mucho antes de la pandemia, la desigualdad entre moradores era manifiesta. La falta de oportunidades ya estaba generando un fuerte malestar social. Hoy, es evidente, que los gobiernos deben ser m\u00e1s coherentes y ejemplarizantes, empezando por esos liderazgos corruptos a los que hay que desterrar. En realidad, en mayor o en menor medida, todos nos hemos vuelto un poco lobos, de un inter\u00e9s levantado y presos de la enfermiza voracidad del consumo. La gratuidad no suele estar en  nuestro diario de vida. Nada parece llegarnos al coraz\u00f3n, nuestra fuente existencial; y, por ende, tambi\u00e9n han mermado los aut\u00e9nticos seguidores Quevedianos, aquellos que a\u00fan cultivaban el imborrable dicho popular: \u00abLos que de coraz\u00f3n se quieren s\u00f3lo con el coraz\u00f3n se hablan\u00bb. <\/p>\n<\/p>\n<p>A veces, olvidamos que la boca del sabio est\u00e1 en los latidos del alma, no en la boca, algo vital para el tiempo presente, ya que el futuro nos pertenece a todos y, entre todos, hemos de reconstruirlo pulso a pulso, concertando el avance con la equidad, el desarrollo con la sostenibilidad, de manera que nadie se vea privado de lo esencial. Lo revelador es dar asistencia, concurriendo desde nuestro propio h\u00e1bitat a donarnos, si en verdad queremos resolver pac\u00edficamente las disputas y progresar hacia una atm\u00f3sfera m\u00e1s solidaria. Por desgracia, este ambiente de horror continuo, y seg\u00fan los recientes estudios de la Organizaci\u00f3n Mundial de la Salud, demuestran un aumento de la angustia, la ansiedad y la depresi\u00f3n, factores todos ellos que pueden incrementar el riesgo de que una persona decida salirse del camino. Es evidente, por tanto, que requerimos como jam\u00e1s abrir los ojos y hallarnos, consensuar posturas a trav\u00e9s de di\u00e1logos sinceros, sobre todo aquellos gobiernos que han de eliminar las barreras que dificultan el paso a la atenci\u00f3n en salud mental, pues si importante es limitar el acceso a los medios para suicidarse, hay que brindar informaci\u00f3n veraz y apropiada sobre el tema, extender la mano siempre, cuando menos para reducir el estigma asociado a la b\u00fasqueda de apoyo. Al fin y al cabo, todos necesitamos posarnos en alguien para mover el mundo.<\/p>\n<\/p>\n<p>V\u00edctor CORCOBA HERRERO \/ Escritor<\/p>\n<p>corcoba@telefonica.net<\/p>\n<p>13 de septiembre de 2020<\/p>\n<h6> 2020-09-14 11:06:58 <\/h6>\n<p><!--\n<link rel=\"stylesheet\" href=\"css\/bootstrap.min.css\">\n\n\n<ul class=\"pagination\">\n\t    \n\t\n\n<li >\n\t<a href='?page_no=76'>Previous<\/a>\n\t<\/li>\n\n\n       \n    \n\n<li><a href='?page_no=1'>1<\/a><\/li>\n\n\n\n<li><a href='?page_no=2'>2<\/a><\/li>\n\n\n\n<li><a>...<\/a><\/li>\n\n\n\n<li><a href='?page_no=75'>75<\/a><\/li>\n\n\n\n<li><a href='?page_no=76'>76<\/a><\/li>\n\n\n\n<li class='active'><a>77<\/a><\/li>\n\n\n\n<li><a href='?page_no=78'>78<\/a><\/li>\n\n\n\n<li><a href='?page_no=79'>79<\/a><\/li>\n\n\n\n<li><a>...<\/a><\/li>\n\n\n\n<li><a href='?page_no=13611'>13611<\/a><\/li>\n\n\n\n<li><a href='?page_no=13612'>13612<\/a><\/li>\n\n    \n\t\n\n<li >\n\t<a href='?page_no=78'>Next<\/a>\n\t<\/li>\n\n\n    \n\n<li><a href='?page_no=13612'>Last &rsaquo;&rsaquo;<\/a><\/li>\n\n<\/ul>\n\n\n--><br \/>\n<\/body><\/p>\n","protected":false},"excerpt":{"rendered":"<p>ALGO M\u00c1S QUE PALABRAS ATENDERNOS Y ENTENDERNOS \u00abLo substancial es centrarse en el ser humano\u00bb ============================= V\u00edctor CORCOBA HERRERO\/ Escritor corcoba@telefonica.net ============================= Hoy m\u00e1s que nunca, hemos de atender no s\u00f3lo a lo que cada cual dice, sino tambi\u00e9n a lo que siente y entiende, y al motivo porque lo asiente. Sin duda, son muchos [&hellip;]<\/p>\n","protected":false},"author":3,"featured_media":0,"comment_status":"open","ping_status":"open","sticky":false,"template":"","format":"standard","meta":{"footnotes":""},"categories":[16],"tags":[],"class_list":["post-44936","post","type-post","status-publish","format-standard","hentry","category-opiniones"],"_links":{"self":[{"href":"https:\/\/diariodominicano.com\/index.php?rest_route=\/wp\/v2\/posts\/44936","targetHints":{"allow":["GET"]}}],"collection":[{"href":"https:\/\/diariodominicano.com\/index.php?rest_route=\/wp\/v2\/posts"}],"about":[{"href":"https:\/\/diariodominicano.com\/index.php?rest_route=\/wp\/v2\/types\/post"}],"author":[{"embeddable":true,"href":"https:\/\/diariodominicano.com\/index.php?rest_route=\/wp\/v2\/users\/3"}],"replies":[{"embeddable":true,"href":"https:\/\/diariodominicano.com\/index.php?rest_route=%2Fwp%2Fv2%2Fcomments&post=44936"}],"version-history":[{"count":0,"href":"https:\/\/diariodominicano.com\/index.php?rest_route=\/wp\/v2\/posts\/44936\/revisions"}],"wp:attachment":[{"href":"https:\/\/diariodominicano.com\/index.php?rest_route=%2Fwp%2Fv2%2Fmedia&parent=44936"}],"wp:term":[{"taxonomy":"category","embeddable":true,"href":"https:\/\/diariodominicano.com\/index.php?rest_route=%2Fwp%2Fv2%2Fcategories&post=44936"},{"taxonomy":"post_tag","embeddable":true,"href":"https:\/\/diariodominicano.com\/index.php?rest_route=%2Fwp%2Fv2%2Ftags&post=44936"}],"curies":[{"name":"wp","href":"https:\/\/api.w.org\/{rel}","templated":true}]}}