{"id":44925,"date":"2019-04-01T00:50:20","date_gmt":"2019-04-01T00:50:20","guid":{"rendered":"http:\/\/diariodominicano.ddns.net\/?p=44925"},"modified":"2019-04-01T00:50:20","modified_gmt":"2019-04-01T00:50:20","slug":"quien-paga-los-platos-rotos","status":"publish","type":"post","link":"https:\/\/diariodominicano.com\/?p=44925","title":{"rendered":"\u00bfQUIEN PAGA LOS PLATOS  ROTOS?"},"content":{"rendered":"<p><body><\/p>\n<p><strong>FRANKLIN ALMEYDA RANCIER<\/strong><\/p>\n<\/p>\n<p>Cuando Dom\u00ednguez Brito le peg\u00f3 fuego a una gorra del PLD, demostr\u00f3 su incapacidad pol\u00edtica. Fue decirle a los peledeistas no quiero saber de Uds., pero quiero ser su candidato presidencial; vaya Ud. a ver!<\/p>\n<\/p>\n<p>\u00c9l y los dem\u00e1s aspirantes danilistas no se atreven a atribuirle a Danilo el no poder despegar; le atribuyen su fracaso a Leonel. Pero \u00bfqu\u00e9 tiene que ver Leonel?<\/p>\n<\/p>\n<p>Danilo ha hecho lo imposible por atajar a Leonel y en su esfuerzo provoca se\u00f1ales que indican que no soltar\u00e1 la parte de su electorado cautivo por mil presiones y que de hacerlo favorecer\u00edan a esos que por estar bajo su sombra no crecen.<\/p>\n<\/p>\n<p>Retiene ese electorado porque es \u00e9l quien quiere ir, a sabiendas de que est\u00e1 inhabilitado porque la Constituci\u00f3n se lo proh\u00edbe. Cree que puede hacer con la Constituci\u00f3n lo mismo que hace con el poder, desbordar sus l\u00edmites.<\/p>\n<\/p>\n<p>\u00bfPor qu\u00e9 se quiere quedar? El PLD es un proyecto de naci\u00f3n y a Danilo le toc\u00f3 cubrir ocho a\u00f1os de gobierno de ese proyecto. Danilo no es el proyecto, ha sido responsable del tiempo que en su nombre ha gobernado. Se equivoc\u00f3 y se dej\u00f3 llevar por asesores pol\u00edticos y electorales que por ganar sus honorarios personalizan los proyectos de naci\u00f3n.<\/p>\n<\/p>\n<p>Convierten a un buen dirigente y gobernante en sustituto del partido que sustenta un proyecto de naci\u00f3n, y les hace creer que ese gobernante es el proyecto de naci\u00f3n. Se va creando un ambiente de presi\u00f3n y se va cercenando la libertad. Al empresariado se le estorsiona, a los comunicadores y medios se les censura o se les obliga a auto censurarse, a los funcionarios y servidores p\u00fablicos se les induce y coloca en la separaci\u00f3n de sus ingresos o al borde de ello; el asedio va en crecimiento y la democracia va perdiendo su esencia.<\/p>\n<\/p>\n<p>En el entorno reeleccionista de un presidente en la situaci\u00f3n de Danilo Medina, se llega a creer que en ellos descansa el poder y no en el pueblo;  creen lo pueden todo sin l\u00edmites. Crece desde su seno la arbitrariedad, porque a los pueblos les gusta pensar y decir lo que piensan, pero a los arbitrarios les molesta la libertad de expresi\u00f3n del pensamiento.<\/p>\n<\/p>\n<p>Confieso que sent\u00eda mucha preocupaci\u00f3n de que esos platos rotos se les pegara al PLD. Desde el entorno reeleccionista se han ocupado de que no sea as\u00ed. Ellos han sido tan o m\u00e1s arbitrarios con los leonelistas, como tambi\u00e9n lo son con la oposici\u00f3n pol\u00edtica y el pueblo.<\/p>\n<\/p>\n<p>Persiguieron agravios contra Leonel y \u00e9l soport\u00f3; mientras m\u00e1s lo han hecho, m\u00e1s crece su figura. Ahora despiden a los leonelista como si el Estado Dominicano fuera una empresa privada del entorno reeleccionista. Son tan torpes que no llegan a comprender que la funcio?n esencial del Estado es \u00abla proteccio?n efectiva de los derechos de la persona, el respeto de su dignidad y la obtencio?n de los medios que le permitan perfeccionarse de forma igualitaria, equitativa y progresiva, dentro de un marco de libertad individual y de justicia social, compatibles con el orden pu?blico, el bienestar general y los derechos de todos y todas\u00bb (Art. 8 de la Constituci\u00f3n).<\/p>\n<\/p>\n<p>Danilo debe mandar a parar, porque  procede advertir que estas violentaciones son platos rotos que tienen consecuencias. <\/p>\n<\/p>\n<p><strong>El autor es miembro del CP del PLD, ex Ministro de Interior y ex Rector de la UASD.<\/strong><\/p>\n<\/p>\n<h6> 2019-04-01 00:50:20 <\/h6>\n<p><!--\n<link rel=\"stylesheet\" href=\"css\/bootstrap.min.css\">\n\n\n<ul class=\"pagination\">\n\t    \n\t\n\n<li >\n\t<a href='?page_no=768'>Previous<\/a>\n\t<\/li>\n\n\n       \n    \n\n<li><a href='?page_no=1'>1<\/a><\/li>\n\n\n\n<li><a href='?page_no=2'>2<\/a><\/li>\n\n\n\n<li><a>...<\/a><\/li>\n\n\n\n<li><a href='?page_no=767'>767<\/a><\/li>\n\n\n\n<li><a href='?page_no=768'>768<\/a><\/li>\n\n\n\n<li class='active'><a>769<\/a><\/li>\n\n\n\n<li><a href='?page_no=770'>770<\/a><\/li>\n\n\n\n<li><a href='?page_no=771'>771<\/a><\/li>\n\n\n\n<li><a>...<\/a><\/li>\n\n\n\n<li><a href='?page_no=13611'>13611<\/a><\/li>\n\n\n\n<li><a href='?page_no=13612'>13612<\/a><\/li>\n\n    \n\t\n\n<li >\n\t<a href='?page_no=770'>Next<\/a>\n\t<\/li>\n\n\n    \n\n<li><a href='?page_no=13612'>Last &rsaquo;&rsaquo;<\/a><\/li>\n\n<\/ul>\n\n\n--><br \/>\n<\/body><\/p>\n","protected":false},"excerpt":{"rendered":"<p>FRANKLIN ALMEYDA RANCIER Cuando Dom\u00ednguez Brito le peg\u00f3 fuego a una gorra del PLD, demostr\u00f3 su incapacidad pol\u00edtica. Fue decirle a los peledeistas no quiero saber de Uds., pero quiero ser su candidato presidencial; vaya Ud. a ver! \u00c9l y los dem\u00e1s aspirantes danilistas no se atreven a atribuirle a Danilo el no poder despegar; [&hellip;]<\/p>\n","protected":false},"author":3,"featured_media":0,"comment_status":"open","ping_status":"open","sticky":false,"template":"","format":"standard","meta":{"footnotes":""},"categories":[16],"tags":[],"class_list":["post-44925","post","type-post","status-publish","format-standard","hentry","category-opiniones"],"_links":{"self":[{"href":"https:\/\/diariodominicano.com\/index.php?rest_route=\/wp\/v2\/posts\/44925","targetHints":{"allow":["GET"]}}],"collection":[{"href":"https:\/\/diariodominicano.com\/index.php?rest_route=\/wp\/v2\/posts"}],"about":[{"href":"https:\/\/diariodominicano.com\/index.php?rest_route=\/wp\/v2\/types\/post"}],"author":[{"embeddable":true,"href":"https:\/\/diariodominicano.com\/index.php?rest_route=\/wp\/v2\/users\/3"}],"replies":[{"embeddable":true,"href":"https:\/\/diariodominicano.com\/index.php?rest_route=%2Fwp%2Fv2%2Fcomments&post=44925"}],"version-history":[{"count":0,"href":"https:\/\/diariodominicano.com\/index.php?rest_route=\/wp\/v2\/posts\/44925\/revisions"}],"wp:attachment":[{"href":"https:\/\/diariodominicano.com\/index.php?rest_route=%2Fwp%2Fv2%2Fmedia&parent=44925"}],"wp:term":[{"taxonomy":"category","embeddable":true,"href":"https:\/\/diariodominicano.com\/index.php?rest_route=%2Fwp%2Fv2%2Fcategories&post=44925"},{"taxonomy":"post_tag","embeddable":true,"href":"https:\/\/diariodominicano.com\/index.php?rest_route=%2Fwp%2Fv2%2Ftags&post=44925"}],"curies":[{"name":"wp","href":"https:\/\/api.w.org\/{rel}","templated":true}]}}