{"id":449229,"date":"2023-06-22T19:39:19","date_gmt":"2023-06-22T23:39:19","guid":{"rendered":"http:\/\/diariodominicano.com\/?p=449229"},"modified":"2023-06-22T19:40:39","modified_gmt":"2023-06-22T23:40:39","slug":"tribunal-impone-medidas-de-coercion-a-hombre-que-agredio-a-expareja-en-azua","status":"publish","type":"post","link":"https:\/\/diariodominicano.com\/?p=449229","title":{"rendered":"Imponen medidas de coerci\u00f3n a hombre que agredi\u00f3 a expareja en Azua"},"content":{"rendered":"\n<p>AZUA, Rep\u00fablica Dominicana.-  La Oficina Judicial de Servicios de Atenci\u00f3n Permanente de Azua le impuso a Domingo Ledesma  medidas de coerci\u00f3n consistentes en garant\u00eda econ\u00f3mica y presentaci\u00f3n peri\u00f3dica. Fue  arrestado en flagrante delito cuando agred\u00eda f\u00edsicamente y amenazaba de muerte con un palo a su expareja, en un hecho ocurrido en mayo pasado en el municipio Las Yayas.<\/p>\n\n\n\n<p>La Oficina Judicial de Servicios de Atenci\u00f3n Permanente de Azua le impuso a Domingo Ledesma la presentaci\u00f3n de una garant\u00eda econ\u00f3mica por la suma de diez mil pesos en efectivo, y la obligaci\u00f3n de presentarse peri\u00f3dicamente por ante el Ministerio P\u00fablico encargado de la investigaci\u00f3n los d\u00edas 15 y 30 de cada mes por espacio de seis meses.&nbsp;<\/p>\n\n\n\n<p>La jueza Loida Paola Amador Senci\u00f3n adopt\u00f3 la decisi\u00f3n luego de acoger parcialmente la solicitud que hizo el Ministerio P\u00fablico en contra de Ledesma, para quien el \u00f3rgano persecutor de los delitos pidi\u00f3 la imposici\u00f3n de prisi\u00f3n preventiva como medida de coerci\u00f3n.&nbsp;<\/p>\n\n\n\n<p>La magistrada Amador Senci\u00f3n emiti\u00f3 adem\u00e1s una orden protecci\u00f3n para la v\u00edctima, cuyo nombre se omite para proteger su derecho a la intimidad, ordenando que Ledesma se abstenga de molestarla, amenazarla e intimidarla, adem\u00e1s de que le prohibi\u00f3 estar en los lugares que est\u00e9n siendo frecuentados por esta ni acceder a su domicilio.&nbsp;<\/p>\n\n\n\n<p>En torno al caso, la solicitud de medida de coerci\u00f3n presentada por la fiscal Nelia Antonia Melo Mej\u00eda, coordinadora de la Unidad de Atenci\u00f3n Integral a las V\u00edctimas de Violencia de G\u00e9nero, Intrafamiliar y Delitos Sexuales de Azua, establece que el hecho ocurri\u00f3 el 22 de mayo de 2023 cuando la v\u00edctima acudi\u00f3 a la casa del imputado procurando los ajuares de la casa que este se negaba a entregarle luego de su separaci\u00f3n.&nbsp;<\/p>\n\n\n\n<p>Se\u00f1ala que el procesado se mostr\u00f3 muy agresivo y que agredi\u00f3 a la mujer con un palo por la espalda, la cabeza y el brazo derecho, ocasion\u00e1ndole trauma contuso tipo equimosis, as\u00ed como trauma contuso tipo hematoma y laceraciones, seg\u00fan consta en el certificado m\u00e9dico legal emitido a la v\u00edctima.&nbsp;<\/p>\n\n\n\n<p>El tribunal otorg\u00f3 un plazo de seis meses al Ministerio P\u00fablico para terminar su investigaci\u00f3n, presentar requerimiento conclusivo o disponer el archivo.&nbsp;<\/p>\n\n\n\n<p>El hecho recibi\u00f3 la calificaci\u00f3n jur\u00eddica de violencia dom\u00e9stica o intrafamiliar, agresi\u00f3n verbal, f\u00edsica y psicol\u00f3gica, en violaci\u00f3n de los art\u00edculos 307, 309 y 309-2 del C\u00f3digo Penal Dominicano, modificado por la Ley 24-97 sobre Violencia de G\u00e9nero e Intrafamiliar.&nbsp;<\/p>\n\n\n\n<p><strong>Direcci\u00f3n General de Comunicaci\u00f3n, Prensa, y RRPP<\/strong><\/p>\n\n\n\n<p>Ministerio P\u00fablico.&nbsp;R.D.<\/p>\n\n\n\n<p>Jueves, 22 de junio de 2023.<\/p>\n","protected":false},"excerpt":{"rendered":"<p>AZUA, Rep\u00fablica Dominicana.- La Oficina Judicial de Servicios de Atenci\u00f3n Permanente de Azua le impuso a Domingo Ledesma medidas de coerci\u00f3n consistentes en garant\u00eda econ\u00f3mica y presentaci\u00f3n peri\u00f3dica. Fue arrestado en flagrante delito cuando agred\u00eda f\u00edsicamente y amenazaba de muerte con un palo a su expareja, en un hecho ocurrido en mayo pasado en el [&hellip;]<\/p>\n","protected":false},"author":28,"featured_media":293928,"comment_status":"closed","ping_status":"","sticky":true,"template":"","format":"standard","meta":{"footnotes":""},"categories":[24,29],"tags":[],"class_list":["post-449229","post","type-post","status-publish","format-standard","has-post-thumbnail","hentry","category-justicia-y-derecho","category-policiasucesos"],"_links":{"self":[{"href":"https:\/\/diariodominicano.com\/index.php?rest_route=\/wp\/v2\/posts\/449229","targetHints":{"allow":["GET"]}}],"collection":[{"href":"https:\/\/diariodominicano.com\/index.php?rest_route=\/wp\/v2\/posts"}],"about":[{"href":"https:\/\/diariodominicano.com\/index.php?rest_route=\/wp\/v2\/types\/post"}],"author":[{"embeddable":true,"href":"https:\/\/diariodominicano.com\/index.php?rest_route=\/wp\/v2\/users\/28"}],"replies":[{"embeddable":true,"href":"https:\/\/diariodominicano.com\/index.php?rest_route=%2Fwp%2Fv2%2Fcomments&post=449229"}],"version-history":[{"count":3,"href":"https:\/\/diariodominicano.com\/index.php?rest_route=\/wp\/v2\/posts\/449229\/revisions"}],"predecessor-version":[{"id":449232,"href":"https:\/\/diariodominicano.com\/index.php?rest_route=\/wp\/v2\/posts\/449229\/revisions\/449232"}],"wp:featuredmedia":[{"embeddable":true,"href":"https:\/\/diariodominicano.com\/index.php?rest_route=\/wp\/v2\/media\/293928"}],"wp:attachment":[{"href":"https:\/\/diariodominicano.com\/index.php?rest_route=%2Fwp%2Fv2%2Fmedia&parent=449229"}],"wp:term":[{"taxonomy":"category","embeddable":true,"href":"https:\/\/diariodominicano.com\/index.php?rest_route=%2Fwp%2Fv2%2Fcategories&post=449229"},{"taxonomy":"post_tag","embeddable":true,"href":"https:\/\/diariodominicano.com\/index.php?rest_route=%2Fwp%2Fv2%2Ftags&post=449229"}],"curies":[{"name":"wp","href":"https:\/\/api.w.org\/{rel}","templated":true}]}}