{"id":448965,"date":"2023-06-21T23:28:08","date_gmt":"2023-06-22T03:28:08","guid":{"rendered":"http:\/\/diariodominicano.com\/?p=448965"},"modified":"2023-06-21T23:29:01","modified_gmt":"2023-06-22T03:29:01","slug":"dgspc-y-la-defensa-publica-crean-mesa-tecnica-de-trabajo-para-la-solucion-a-oportunidades-de-mejoras-del-sistema-penitenciario-2","status":"publish","type":"post","link":"https:\/\/diariodominicano.com\/?p=448965","title":{"rendered":"DGSPC y la Defensa P\u00fablica crean mesa t\u00e9cnica de trabajo para la soluci\u00f3n a oportunidades de mejoras del sistema penitenciario"},"content":{"rendered":"\n<p>SANTO DOMINGO, Rep\u00fablica Dominicana.- Con el objetivo de buscar soluciones a corto, mediano y largo plazo a las oportunidades de mejoras del sistema penitenciario nacional, la Direcci\u00f3n General de Servicios Penitenciarios y Correccionales (DGSPC) dej\u00f3 iniciada una mesa t\u00e9cnica de trabajo con la Oficina Nacional de Defensa P\u00fablica.\u00a0<\/p>\n\n\n\n<p><\/p>\n\n\n\n<figure class=\"wp-block-image size-large\"><img loading=\"lazy\" decoding=\"async\" width=\"1024\" height=\"576\" src=\"https:\/\/diariodominicano.com\/wp-content\/uploads\/2023\/06\/Carlos-Guerrero-1024x576.jpg\" alt=\"\" class=\"wp-image-448967\" srcset=\"https:\/\/diariodominicano.com\/wp-content\/uploads\/2023\/06\/Carlos-Guerrero-1024x576.jpg 1024w, https:\/\/diariodominicano.com\/wp-content\/uploads\/2023\/06\/Carlos-Guerrero-300x169.jpg 300w, https:\/\/diariodominicano.com\/wp-content\/uploads\/2023\/06\/Carlos-Guerrero-768x432.jpg 768w, https:\/\/diariodominicano.com\/wp-content\/uploads\/2023\/06\/Carlos-Guerrero-1536x864.jpg 1536w, https:\/\/diariodominicano.com\/wp-content\/uploads\/2023\/06\/Carlos-Guerrero-816x459.jpg 816w, https:\/\/diariodominicano.com\/wp-content\/uploads\/2023\/06\/Carlos-Guerrero.jpg 2000w\" sizes=\"auto, (max-width: 1024px) 100vw, 1024px\" \/><\/figure>\n\n\n\n<p>Luego de un an\u00e1lisis al contenido del Informe sobre las Condiciones de Detenci\u00f3n y Prisi\u00f3n correspondiente al&nbsp;a\u00f1o 2022 que hiciera la Oficina Nacional de Defensa P\u00fablica, Roberto Hern\u00e1ndez Basilio, director general de la DGSPC, invit\u00f3 al director general de dicha oficina Rodolfo Valent\u00edn y a su equipo de trabajo a&nbsp;intercambiar criterios y analizar el mismo.&nbsp;<\/p>\n\n\n\n<figure class=\"wp-block-image size-large\"><img loading=\"lazy\" decoding=\"async\" width=\"1024\" height=\"682\" src=\"https:\/\/diariodominicano.com\/wp-content\/uploads\/2023\/06\/Rodolfo-Valentin-2-1-1024x682.jpg\" alt=\"\" class=\"wp-image-448968\" srcset=\"https:\/\/diariodominicano.com\/wp-content\/uploads\/2023\/06\/Rodolfo-Valentin-2-1-1024x682.jpg 1024w, https:\/\/diariodominicano.com\/wp-content\/uploads\/2023\/06\/Rodolfo-Valentin-2-1-300x200.jpg 300w, https:\/\/diariodominicano.com\/wp-content\/uploads\/2023\/06\/Rodolfo-Valentin-2-1-768x512.jpg 768w, https:\/\/diariodominicano.com\/wp-content\/uploads\/2023\/06\/Rodolfo-Valentin-2-1-1536x1024.jpg 1536w, https:\/\/diariodominicano.com\/wp-content\/uploads\/2023\/06\/Rodolfo-Valentin-2-1-816x544.jpg 816w, https:\/\/diariodominicano.com\/wp-content\/uploads\/2023\/06\/Rodolfo-Valentin-2-1.jpg 2000w\" sizes=\"auto, (max-width: 1024px) 100vw, 1024px\" \/><figcaption>Rodolfo Valent\u00edn,<\/figcaption><\/figure>\n\n\n\n<p>El encuentro lo encabezaron los directores de ambas instituciones, por la DGSPC, Roberto Hern\u00e1ndez y su equipo directivo, mientras que, por la Defensa P\u00fablica, Rodolfo Valent\u00edn Santos, y Carlos Manuel Guerrero, director de la Direcci\u00f3n Nacional de Atenci\u00f3n Integral a la Persona Adolescente en Conflicto con la Ley Penal (Dinaia).&nbsp;<\/p>\n\n\n\n<p>En su participaci\u00f3n, Roberto Hern\u00e1ndez, titular de la DGSPC, revel\u00f3 que lo fundamental es reconocer que el tema de la problem\u00e1tica del sistema penitenciario es una deficiencia del Estado que no lo resuelve una o dos entidades.&nbsp;<\/p>\n\n\n\n<p>\u201cHay que destacar cu\u00e1les son las prioridades en el sistema, como son los ancianos en prisi\u00f3n, los casos de prisi\u00f3n preventiva, nosotros sabemos cu\u00e1les son los enfermos cr\u00f3nicos y los enfermos mentales y qui\u00e9nes son los que tienen vencidos sus plazos, pero el sistema penitenciario no tiene autoridad para sacarlos, pero el sistema si est\u00e1 obligado a hacer lo imposible de velar por su bienestar\u201d.&nbsp;<\/p>\n\n\n\n<p>Tambi\u00e9n, aclar\u00f3 que el n\u00famero de adolescentes en prisi\u00f3n no es de 700 como se ha dicho en el informe, sino de 310, destacando que esta disminuci\u00f3n ha sido posible gracias a la implementaci\u00f3n de estrategias de sanciones alternativas.<\/p>\n\n\n\n<p>De otro lado, Rodolfo Valent\u00edn, director de la Defensa P\u00fablica, corrobor\u00f3 que la situaci\u00f3n del sistema penitenciario es muy compleja porque viene de a\u00f1os atr\u00e1s, y destac\u00f3&nbsp;la rapidez de respuesta que le da el sistema penitenciario cuando la Defensor\u00eda lo ha requerido.&nbsp;<\/p>\n\n\n\n<p>\u201cYo estoy consciente de que el sistema penitenciario tiene deficiencias de espacio, de presupuesto y de elementos que constituyen un mejoramiento de los espacios dentro de los recintos, por eso reitero que el papel de la Defensa P\u00fablica en este informe de levantamiento, no constituye una denuncia sino una revelaci\u00f3n de lo que est\u00e1 pasando dentro de los recintos penitenciarios sobre la base de las necesidades que presenta el sistema, la Defensa P\u00fablica solamente acciona todo lo que el C\u00f3digo Procesal le permite\u201d, expres\u00f3.&nbsp;<\/p>\n\n\n\n<p>Al agotar su turno, Carlos Guerrero, director de la Dinaia expres\u00f3 que a diferencia de los adultos, el 90% de los adolescentes son asistidos por defensores p\u00fablicos, porque regularmente no tienen recursos para tener un abogado privado.&nbsp;<\/p>\n\n\n\n<p>Tambi\u00e9n, dijo que el sistema penitenciario nacional tiene la misi\u00f3n que manda la Constituci\u00f3n de reeducar e insertar a los privados de libertad en la sociedad, por lo que exhort\u00f3 al personal del sistema a asumir con voluntad lo que le corresponde seg\u00fan sus funciones.&nbsp;<\/p>\n\n\n\n<p>Entre los temas tratados en la Mesa T\u00e9cnica de Trabajo, entre la Direcci\u00f3n General de Servicios Penitenciarios y la Defensa P\u00fablica, estuvieron los legales, la salud f\u00edsica y mental, los adultos mayores, los adolescentes en conflicto con la Ley Penal y la falta de documentaci\u00f3n de los privados de libertad, entre otros.&nbsp;<\/p>\n\n\n\n<p>Al concluir el conversatorio, los integrantes de la mesa de trabajo dejaron creada una comisi\u00f3n que se encargar\u00e1 del seguimiento de los temas tratados en el informe de la Defensa P\u00fablica, as\u00ed como una matriz que arrojar\u00e1 un informe de los avances que se produzcan para tramitarlos a las instituciones que corresponda dar respuesta.&nbsp;<\/p>\n\n\n\n<p><strong>Direcci\u00f3n General de Comunicaci\u00f3n, Prensa, y RRPP<\/strong><\/p>\n\n\n\n<p>Ministerio P\u00fablico.&nbsp;R.D.<\/p>\n\n\n\n<p>Mi\u00e9rcoles, 21 de junio de 2023.<\/p>\n","protected":false},"excerpt":{"rendered":"<p>SANTO DOMINGO, Rep\u00fablica Dominicana.- Con el objetivo de buscar soluciones a corto, mediano y largo plazo a las oportunidades de mejoras del sistema penitenciario nacional, la Direcci\u00f3n General de Servicios Penitenciarios y Correccionales (DGSPC) dej\u00f3 iniciada una mesa t\u00e9cnica de trabajo con la Oficina Nacional de Defensa P\u00fablica.\u00a0 Luego de un an\u00e1lisis al contenido del [&hellip;]<\/p>\n","protected":false},"author":28,"featured_media":448966,"comment_status":"closed","ping_status":"","sticky":false,"template":"","format":"standard","meta":{"footnotes":""},"categories":[36,20,24,29,27],"tags":[],"class_list":["post-448965","post","type-post","status-publish","format-standard","has-post-thumbnail","hentry","category-hombresmujeresycosas","category-dominicana-hoy","category-justicia-y-derecho","category-policiasucesos","category-portada"],"_links":{"self":[{"href":"https:\/\/diariodominicano.com\/index.php?rest_route=\/wp\/v2\/posts\/448965","targetHints":{"allow":["GET"]}}],"collection":[{"href":"https:\/\/diariodominicano.com\/index.php?rest_route=\/wp\/v2\/posts"}],"about":[{"href":"https:\/\/diariodominicano.com\/index.php?rest_route=\/wp\/v2\/types\/post"}],"author":[{"embeddable":true,"href":"https:\/\/diariodominicano.com\/index.php?rest_route=\/wp\/v2\/users\/28"}],"replies":[{"embeddable":true,"href":"https:\/\/diariodominicano.com\/index.php?rest_route=%2Fwp%2Fv2%2Fcomments&post=448965"}],"version-history":[{"count":1,"href":"https:\/\/diariodominicano.com\/index.php?rest_route=\/wp\/v2\/posts\/448965\/revisions"}],"predecessor-version":[{"id":448969,"href":"https:\/\/diariodominicano.com\/index.php?rest_route=\/wp\/v2\/posts\/448965\/revisions\/448969"}],"wp:featuredmedia":[{"embeddable":true,"href":"https:\/\/diariodominicano.com\/index.php?rest_route=\/wp\/v2\/media\/448966"}],"wp:attachment":[{"href":"https:\/\/diariodominicano.com\/index.php?rest_route=%2Fwp%2Fv2%2Fmedia&parent=448965"}],"wp:term":[{"taxonomy":"category","embeddable":true,"href":"https:\/\/diariodominicano.com\/index.php?rest_route=%2Fwp%2Fv2%2Fcategories&post=448965"},{"taxonomy":"post_tag","embeddable":true,"href":"https:\/\/diariodominicano.com\/index.php?rest_route=%2Fwp%2Fv2%2Ftags&post=448965"}],"curies":[{"name":"wp","href":"https:\/\/api.w.org\/{rel}","templated":true}]}}